{"id":9969,"date":"2026-01-27T00:00:17","date_gmt":"2026-01-27T00:00:17","guid":{"rendered":"https:\/\/residenciaslatorreta.com\/t\/"},"modified":"2026-01-27T11:51:43","modified_gmt":"2026-01-27T11:51:43","slug":"segell-transparencia-la-torreta-corbera-i-la-torreta-piera","status":"publish","type":"post","link":"https:\/\/residenciaslatorreta.com\/ca\/segell-transparencia-la-torreta-corbera-i-la-torreta-piera\/","title":{"rendered":"Segell de Transpar\u00e8ncia La Torreta de Corbera i La Torreta de Piera"},"content":{"rendered":"<div class=\"wp-playlist wp-video-playlist wp-playlist-light\">\n\t\t<video controls=\"controls\" preload=\"none\" width=\"1038\"\n\t\t height=\"584\"\t><\/video>\n\t<div class=\"wp-playlist-next\"><\/div>\n\t<div class=\"wp-playlist-prev\"><\/div>\n\t<noscript>\n\t<ol>\n\t\t<li><a href='https:\/\/residenciaslatorreta.com\/wp-content\/uploads\/2026\/01\/La-Torreta-de-Corbera-y-La-Torreta-de-Piera-Transparencia.mp4'>La Torreta de Corbera y La Torreta de Piera Transparencia<\/a><\/li><li><a href='https:\/\/residenciaslatorreta.com\/wp-content\/uploads\/2026\/01\/La-Torreta-Eixample-El-Prat-Transparencia.mp4'>La Torreta Eixample El Prat Transparencia<\/a><\/li>\t<\/ol>\n\t<\/noscript>\n\t<script type=\"application\/json\" class=\"wp-playlist-script\">{\"type\":\"video\",\"tracklist\":true,\"tracknumbers\":true,\"images\":true,\"artists\":true,\"tracks\":[{\"src\":\"https:\/\/residenciaslatorreta.com\/wp-content\/uploads\/2026\/01\/La-Torreta-de-Corbera-y-La-Torreta-de-Piera-Transparencia.mp4\",\"type\":\"video\/mp4\",\"title\":\"La Torreta de Corbera y La Torreta de Piera Transparencia\",\"caption\":\"\",\"description\":\"\",\"meta\":{\"length_formatted\":\"0:42\"},\"dimensions\":{\"original\":{\"width\":848,\"height\":480},\"resized\":{\"width\":1038,\"height\":588}},\"image\":{\"src\":\"https:\/\/residenciaslatorreta.com\/wp-includes\/images\/media\/video.svg\",\"width\":48,\"height\":64},\"thumb\":{\"src\":\"https:\/\/residenciaslatorreta.com\/wp-includes\/images\/media\/video.svg\",\"width\":48,\"height\":64}},{\"src\":\"https:\/\/residenciaslatorreta.com\/wp-content\/uploads\/2026\/01\/La-Torreta-Eixample-El-Prat-Transparencia.mp4\",\"type\":\"video\/mp4\",\"title\":\"La Torreta Eixample El Prat Transparencia\",\"caption\":\"\",\"description\":\"\",\"meta\":{\"length_formatted\":\"0:55\"},\"dimensions\":{\"original\":{\"width\":1920,\"height\":1080},\"resized\":{\"width\":1038,\"height\":584}},\"image\":{\"src\":\"https:\/\/residenciaslatorreta.com\/wp-includes\/images\/media\/video.svg\",\"width\":48,\"height\":64},\"thumb\":{\"src\":\"https:\/\/residenciaslatorreta.com\/wp-includes\/images\/media\/video.svg\",\"width\":48,\"height\":64}}]}<\/script>\n<\/div>\n\t\n<h3>Comprom\u00eds amb la transpar\u00e8ncia i la confianza en l\u00b4atenci\u00f3 a les persones grans<\/h3>\n<p>&nbsp;<\/p>\n<p>Les Resid\u00e8ncies <strong>La Torreta de Corbera<\/strong> i <strong>La Torreta de Piera<\/strong> acaben de rebre el reconeixement de <strong>Resid\u00e8ncia 100% transparent i comparable<\/strong> de la m\u00e0 de Josep de Mart\u00ed, director i fundador d\u00b4<strong>Inforesidencias<\/strong>, el principal buscador i comparador de Resid\u00e8ncies a Espanya, i una de les persones amb major reconeixement en el sector d\u00b4atenci\u00f3 a les persones grans i amb depend\u00e8ncia.<\/p>\n<p>Ha recollit el distintiu Mari Carmen Izquierdo, directora de la resid\u00e8ncia La Torreta de Corbera, i Marta Betr\u00e1n directora de la resid\u00e8ncia La Torreta de Piera. Un reconeixement del qual estem molt contents i que ja tenim a tots els nostres centres com tamb\u00e9 <strong>La Torreta Eixample El Prat<\/strong>.<\/p>\n<p>Aquesta placa distintiva reconeix la transpar\u00e8ncia dels nostres centres amb un codi QR que dona acc\u00e9s a la puntuaci\u00f3 del centre, que ha obtingut un 100% gr\u00e0cies a compartir informaci\u00f3 com el contracte d\u00b4ingr\u00e9s, les tarifes, el reglament intern, el rati de personal&#8230;fins les nostres actes d\u00b4inspecci\u00f3 esborrant qualsevol dada personal.<\/p>\n<p>Perqu\u00e8 pensem que compartir informaci\u00f3 p\u00fablicament \u00e9s una <strong>ajuda important per la futura persona resident i els seus familiars<\/strong> a l \u00b4hora d\u00b4<strong>escollir un centre i estar tranquils i segurs<\/strong> en la seva decisi\u00f3.<\/p>\n<p>Aix\u00f2 ha estat possible gr\u00e0cies al vostre suport que ens impulsa a seguir treballant amb el mateix comprom\u00eds i rigor per mantenir la m\u00e0xima puntuaci\u00f3.<\/p>\n<p>Gr\u00e0cies per la vostra confian\u00e7a!<\/p>\n<p>&nbsp;<\/p>\n<div id=\"attachment_9944\" style=\"width: 310px\" class=\"wp-caption alignnone\"><img loading=\"lazy\" decoding=\"async\" aria-describedby=\"caption-attachment-9944\" class=\"wp-image-9944 size-medium\" src=\"https:\/\/residenciaslatorreta.com\/wp-content\/uploads\/2026\/01\/Corbera-y-Piera-300x277.jpeg\" alt=\"Segell de Transpar\u00e8ncia La Torreta de Corbera i La Torreta de Piera\" width=\"300\" height=\"277\" srcset=\"https:\/\/residenciaslatorreta.com\/wp-content\/uploads\/2026\/01\/Corbera-y-Piera-300x277.jpeg 300w, https:\/\/residenciaslatorreta.com\/wp-content\/uploads\/2026\/01\/Corbera-y-Piera-1024x946.jpeg 1024w, https:\/\/residenciaslatorreta.com\/wp-content\/uploads\/2026\/01\/Corbera-y-Piera-768x710.jpeg 768w, https:\/\/residenciaslatorreta.com\/wp-content\/uploads\/2026\/01\/Corbera-y-Piera-1536x1419.jpeg 1536w, https:\/\/residenciaslatorreta.com\/wp-content\/uploads\/2026\/01\/Corbera-y-Piera-2048x1892.jpeg 2048w, https:\/\/residenciaslatorreta.com\/wp-content\/uploads\/2026\/01\/Corbera-y-Piera-700x647.jpeg 700w\" sizes=\"auto, (max-width: 300px) 100vw, 300px\" \/><p id=\"caption-attachment-9944\" class=\"wp-caption-text\">D\u00b4esquerra a dreta, Josep de Mart\u00ed director d\u00b4 Inforesidencias, Mari Carmen Izquierdo directora de La Torreta de Corbera i Marta Betr\u00e1n directora de la Torreta de Piera.<\/p><\/div>\n<div id=\"attachment_9941\" style=\"width: 310px\" class=\"wp-caption alignnone\"><img loading=\"lazy\" decoding=\"async\" aria-describedby=\"caption-attachment-9941\" class=\"wp-image-9941 size-medium\" src=\"https:\/\/residenciaslatorreta.com\/wp-content\/uploads\/2026\/01\/e8f50a29-10ab-4323-ae7a-1eca82a574f2-300x225.jpg\" alt=\"Segell de Transpar\u00e8ncia Residencia La Torreta Eixample El Prat\" width=\"300\" height=\"225\" srcset=\"https:\/\/residenciaslatorreta.com\/wp-content\/uploads\/2026\/01\/e8f50a29-10ab-4323-ae7a-1eca82a574f2-300x225.jpg 300w, https:\/\/residenciaslatorreta.com\/wp-content\/uploads\/2026\/01\/e8f50a29-10ab-4323-ae7a-1eca82a574f2-1024x768.jpg 1024w, https:\/\/residenciaslatorreta.com\/wp-content\/uploads\/2026\/01\/e8f50a29-10ab-4323-ae7a-1eca82a574f2-768x576.jpg 768w, https:\/\/residenciaslatorreta.com\/wp-content\/uploads\/2026\/01\/e8f50a29-10ab-4323-ae7a-1eca82a574f2-1536x1152.jpg 1536w, https:\/\/residenciaslatorreta.com\/wp-content\/uploads\/2026\/01\/e8f50a29-10ab-4323-ae7a-1eca82a574f2-800x600.jpg 800w, https:\/\/residenciaslatorreta.com\/wp-content\/uploads\/2026\/01\/e8f50a29-10ab-4323-ae7a-1eca82a574f2-700x525.jpg 700w, https:\/\/residenciaslatorreta.com\/wp-content\/uploads\/2026\/01\/e8f50a29-10ab-4323-ae7a-1eca82a574f2.jpg 1600w\" sizes=\"auto, (max-width: 300px) 100vw, 300px\" \/><p id=\"caption-attachment-9941\" class=\"wp-caption-text\">D\u00b4esquerra a dreta Laura Algovia directora de La Torreta Eixample El Prat, Josep de Mart\u00ed director d\u00b4 Inforesidencias i Lorena Casas Subdirectora de la resid\u00e8ncia i directora del Centre de Dia.<\/p><\/div>\n<p>&nbsp;<\/p>\n<p>&nbsp;<\/p>\n<p data-start=\"237\" data-end=\"446\">\n","protected":false},"excerpt":{"rendered":"<p>Comprom\u00eds amb la transpar\u00e8ncia i la confianza en l\u00b4atenci\u00f3 a les persones grans &nbsp; Les Resid\u00e8ncies La Torreta de Corbera i La Torreta de Piera acaben de rebre el reconeixement de Resid\u00e8ncia 100% transparent i comparable de la m\u00e0 de Josep de Mart\u00ed, director i&#8230;<\/p>\n","protected":false},"author":5,"featured_media":9940,"comment_status":"closed","ping_status":"open","sticky":false,"template":"","format":"standard","meta":{"footnotes":""},"categories":[9],"tags":[],"yst_prominent_words":[],"class_list":["post-9969","post","type-post","status-publish","format-standard","has-post-thumbnail","hentry","category-blog"],"_links":{"self":[{"href":"https:\/\/residenciaslatorreta.com\/ca\/wp-json\/wp\/v2\/posts\/9969","targetHints":{"allow":["GET"]}}],"collection":[{"href":"https:\/\/residenciaslatorreta.com\/ca\/wp-json\/wp\/v2\/posts"}],"about":[{"href":"https:\/\/residenciaslatorreta.com\/ca\/wp-json\/wp\/v2\/types\/post"}],"author":[{"embeddable":true,"href":"https:\/\/residenciaslatorreta.com\/ca\/wp-json\/wp\/v2\/users\/5"}],"replies":[{"embeddable":true,"href":"https:\/\/residenciaslatorreta.com\/ca\/wp-json\/wp\/v2\/comments?post=9969"}],"version-history":[{"count":12,"href":"https:\/\/residenciaslatorreta.com\/ca\/wp-json\/wp\/v2\/posts\/9969\/revisions"}],"predecessor-version":[{"id":10003,"href":"https:\/\/residenciaslatorreta.com\/ca\/wp-json\/wp\/v2\/posts\/9969\/revisions\/10003"}],"wp:featuredmedia":[{"embeddable":true,"href":"https:\/\/residenciaslatorreta.com\/ca\/wp-json\/wp\/v2\/media\/9940"}],"wp:attachment":[{"href":"https:\/\/residenciaslatorreta.com\/ca\/wp-json\/wp\/v2\/media?parent=9969"}],"wp:term":[{"taxonomy":"category","embeddable":true,"href":"https:\/\/residenciaslatorreta.com\/ca\/wp-json\/wp\/v2\/categories?post=9969"},{"taxonomy":"post_tag","embeddable":true,"href":"https:\/\/residenciaslatorreta.com\/ca\/wp-json\/wp\/v2\/tags?post=9969"},{"taxonomy":"yst_prominent_words","embeddable":true,"href":"https:\/\/residenciaslatorreta.com\/ca\/wp-json\/wp\/v2\/yst_prominent_words?post=9969"}],"curies":[{"name":"wp","href":"https:\/\/api.w.org\/{rel}","templated":true}]}}