{"id":9638,"date":"2025-10-30T00:00:46","date_gmt":"2025-10-30T00:00:46","guid":{"rendered":"https:\/\/residenciaslatorreta.com\/sortida-a-vilafranca\/"},"modified":"2025-10-30T11:52:17","modified_gmt":"2025-10-30T11:52:17","slug":"sortida-a-vilafranca","status":"publish","type":"post","link":"https:\/\/residenciaslatorreta.com\/ca\/sortida-a-vilafranca\/","title":{"rendered":"Sortida al museu i local dels Castellers de Vilafranca La Torreta de Piera"},"content":{"rendered":"<h3 data-start=\"65\" data-end=\"159\">Una experi\u00e8ncia plena d\u2019emoci\u00f3, hist\u00f2ria i treball en equip de la nostra tradici\u00f3 catalana<\/h3>\n<p>&nbsp;<\/p>\n<p data-start=\"207\" data-end=\"625\">A <strong data-start=\"209\" data-end=\"235\">Resid\u00e8ncies La Torreta<\/strong> ens encanta viure, compartir i mantenir vives les tradicions de la nostra comarca. Aquest mes d\u2019octubre, els residents de <strong data-start=\"358\" data-end=\"381\">La Torreta de Piera<\/strong> vam gaudir d\u2019una sortida molt especial: una visita al <strong data-start=\"436\" data-end=\"461\">Museu dels Castellers<\/strong> i al <strong data-start=\"467\" data-end=\"506\">local dels Castellers de Vilafranca<\/strong>, on vam poder sentir de prop l\u2019emoci\u00f3 i l\u2019esperit d\u2019una de les expressions culturals m\u00e9s emblem\u00e0tiques de Catalunya.<\/p>\n<p data-start=\"627\" data-end=\"1087\">Al museu ens vam endinsar en la hist\u00f2ria i evoluci\u00f3 d\u00b4aquestes impressionants <strong data-start=\"701\" data-end=\"719\">torres humanes<\/strong>, s\u00edmbol d\u2019<strong data-start=\"730\" data-end=\"771\">unitat, equilibri i esfor\u00e7 col\u00b7lectiu<\/strong>. M\u00e9s tard, al local d\u2019assaig, vam descobrir els secrets de la seva construcci\u00f3, el paper clau de la incorporaci\u00f3 de la dona i la for\u00e7a que neix del treball en equip.<br data-start=\"937\" data-end=\"940\" \/>La base, coneguda com <em data-start=\"962\" data-end=\"972\">la pinya<\/em>, pot arribar a reunir fins a mil persones: una met\u00e0fora perfecta de <strong data-start=\"1041\" data-end=\"1084\">solidaritat, igualtat i confian\u00e7a m\u00fatua<\/strong>.<\/p>\n<p data-start=\"1089\" data-end=\"1581\">Durant la jornada, tamb\u00e9 vam gaudir de l\u2019emocionant documental <em data-start=\"1152\" data-end=\"1192\">\u201c3d10fm dels Castellers de Vilafranca\u201d<\/em>, premiat com a <strong data-start=\"1208\" data-end=\"1242\">millor curtmetratge documental<\/strong> al Festival Internacional de Cinema Sota les Estrelles 2020. Una projecci\u00f3 inspiradora que ens va recordar que l\u2019\u00e8xit aut\u00e8ntic s\u2019aconsegueix <strong data-start=\"1384\" data-end=\"1406\">superant-nos junts<\/strong>.<br data-start=\"1407\" data-end=\"1410\" \/>\ud83d\udc49<a href=\"https:\/\/www.instagram.com\/p\/DQB4vxwjOIr\/\">Veure Instagram<\/a><\/p>\n<p data-start=\"1583\" data-end=\"1794\">A m\u00e9s, vam aprendre la import\u00e0ncia de l\u2019<strong data-start=\"1623\" data-end=\"1643\">equilibri mental<\/strong>, de la <strong data-start=\"1651\" data-end=\"1688\">comunicaci\u00f3 a trav\u00e9s de la gralla ,<\/strong> l\u00b4 instrument que funciona com canal de comunicaci\u00f3 durant la construcci\u00f3 del castell i que marca el ritme a cada fase<strong data-start=\"1651\" data-end=\"1688\">, <\/strong>\u00a0i de l\u2019<strong data-start=\"1696\" data-end=\"1711\">alimentaci\u00f3<\/strong> com a base de l\u2019energia que mant\u00e9 viva la colla tant als assajos com a la pla\u00e7a.<\/p>\n<p data-start=\"1796\" data-end=\"1945\">I com tot bon dia mereix un final delici\u00f3s, vam acabar amb un dinar a <strong data-start=\"1866\" data-end=\"1880\">Cal Joanet<\/strong>, compartint una bona taula i menjar.<\/p>\n<p data-start=\"1947\" data-end=\"2119\">Va ser una <strong data-start=\"1958\" data-end=\"1981\">jornada inoblidable<\/strong>, plena de <strong data-start=\"1992\" data-end=\"2025\">cultura, conviv\u00e8ncia i emoci\u00f3<\/strong>, que ens va recordar que \u2014com en els castells\u2014 <strong data-start=\"2073\" data-end=\"2116\">quan treballem junts, arribem m\u00e9s amunt<\/strong>.<\/p>\n<p data-start=\"2121\" data-end=\"2187\">Us deixem amb algunes imatges del dia i moments per recordar!<\/p>\n<p data-start=\"161\" data-end=\"506\"><img loading=\"lazy\" decoding=\"async\" class=\"alignnone wp-image-9607 size-medium\" src=\"https:\/\/residenciaslatorreta.com\/wp-content\/uploads\/2025\/10\/IMG_3483-225x300.jpeg\" alt=\"Salida al Museu dels Castellers de Vilafranca Torreta Piera\" width=\"225\" height=\"300\" srcset=\"https:\/\/residenciaslatorreta.com\/wp-content\/uploads\/2025\/10\/IMG_3483-225x300.jpeg 225w, https:\/\/residenciaslatorreta.com\/wp-content\/uploads\/2025\/10\/IMG_3483-768x1024.jpeg 768w, https:\/\/residenciaslatorreta.com\/wp-content\/uploads\/2025\/10\/IMG_3483-1152x1536.jpeg 1152w, https:\/\/residenciaslatorreta.com\/wp-content\/uploads\/2025\/10\/IMG_3483-1536x2048.jpeg 1536w, https:\/\/residenciaslatorreta.com\/wp-content\/uploads\/2025\/10\/IMG_3483-600x800.jpeg 600w, https:\/\/residenciaslatorreta.com\/wp-content\/uploads\/2025\/10\/IMG_3483-700x933.jpeg 700w, https:\/\/residenciaslatorreta.com\/wp-content\/uploads\/2025\/10\/IMG_3483-scaled.jpeg 1920w\" sizes=\"auto, (max-width: 225px) 100vw, 225px\" \/> <img loading=\"lazy\" decoding=\"async\" class=\"alignnone size-medium wp-image-9609\" src=\"https:\/\/residenciaslatorreta.com\/wp-content\/uploads\/2025\/10\/IMG_3487-225x300.jpeg\" alt=\"Salida al Museu dels Castellers de Vilafranca Torreta Piera\" width=\"225\" height=\"300\" srcset=\"https:\/\/residenciaslatorreta.com\/wp-content\/uploads\/2025\/10\/IMG_3487-225x300.jpeg 225w, https:\/\/residenciaslatorreta.com\/wp-content\/uploads\/2025\/10\/IMG_3487-768x1024.jpeg 768w, https:\/\/residenciaslatorreta.com\/wp-content\/uploads\/2025\/10\/IMG_3487-1152x1536.jpeg 1152w, https:\/\/residenciaslatorreta.com\/wp-content\/uploads\/2025\/10\/IMG_3487-1536x2048.jpeg 1536w, https:\/\/residenciaslatorreta.com\/wp-content\/uploads\/2025\/10\/IMG_3487-600x800.jpeg 600w, https:\/\/residenciaslatorreta.com\/wp-content\/uploads\/2025\/10\/IMG_3487-700x933.jpeg 700w, https:\/\/residenciaslatorreta.com\/wp-content\/uploads\/2025\/10\/IMG_3487-scaled.jpeg 1920w\" sizes=\"auto, (max-width: 225px) 100vw, 225px\" \/> <img loading=\"lazy\" decoding=\"async\" class=\"alignnone size-medium wp-image-9611\" src=\"https:\/\/residenciaslatorreta.com\/wp-content\/uploads\/2025\/10\/IMG_3491-225x300.jpeg\" alt=\"Salida al Museu dels Castellers de Vilafranca Torreta Piera\" width=\"225\" height=\"300\" srcset=\"https:\/\/residenciaslatorreta.com\/wp-content\/uploads\/2025\/10\/IMG_3491-225x300.jpeg 225w, https:\/\/residenciaslatorreta.com\/wp-content\/uploads\/2025\/10\/IMG_3491-768x1024.jpeg 768w, https:\/\/residenciaslatorreta.com\/wp-content\/uploads\/2025\/10\/IMG_3491-1152x1536.jpeg 1152w, https:\/\/residenciaslatorreta.com\/wp-content\/uploads\/2025\/10\/IMG_3491-1536x2048.jpeg 1536w, https:\/\/residenciaslatorreta.com\/wp-content\/uploads\/2025\/10\/IMG_3491-600x800.jpeg 600w, https:\/\/residenciaslatorreta.com\/wp-content\/uploads\/2025\/10\/IMG_3491-700x933.jpeg 700w, https:\/\/residenciaslatorreta.com\/wp-content\/uploads\/2025\/10\/IMG_3491-scaled.jpeg 1920w\" sizes=\"auto, (max-width: 225px) 100vw, 225px\" \/> <img loading=\"lazy\" decoding=\"async\" class=\"alignnone size-medium wp-image-9613\" src=\"https:\/\/residenciaslatorreta.com\/wp-content\/uploads\/2025\/10\/IMG_3493-225x300.jpeg\" alt=\"Salida al Museu dels Castellers de Vilafranca Torreta Piera\" width=\"225\" height=\"300\" srcset=\"https:\/\/residenciaslatorreta.com\/wp-content\/uploads\/2025\/10\/IMG_3493-225x300.jpeg 225w, https:\/\/residenciaslatorreta.com\/wp-content\/uploads\/2025\/10\/IMG_3493-768x1024.jpeg 768w, https:\/\/residenciaslatorreta.com\/wp-content\/uploads\/2025\/10\/IMG_3493-1152x1536.jpeg 1152w, https:\/\/residenciaslatorreta.com\/wp-content\/uploads\/2025\/10\/IMG_3493-1536x2048.jpeg 1536w, https:\/\/residenciaslatorreta.com\/wp-content\/uploads\/2025\/10\/IMG_3493-600x800.jpeg 600w, https:\/\/residenciaslatorreta.com\/wp-content\/uploads\/2025\/10\/IMG_3493-700x933.jpeg 700w, https:\/\/residenciaslatorreta.com\/wp-content\/uploads\/2025\/10\/IMG_3493-scaled.jpeg 1920w\" sizes=\"auto, (max-width: 225px) 100vw, 225px\" \/>\u00a0\u00a0<img loading=\"lazy\" decoding=\"async\" class=\"alignnone size-medium wp-image-9623\" src=\"https:\/\/residenciaslatorreta.com\/wp-content\/uploads\/2025\/10\/PHOTO-2025-10-16-19-06-28-6-300x225.jpg\" alt=\"Comida Salida al Museu dels Castellers de Vilafranca Torreta Piera\" width=\"300\" height=\"225\" srcset=\"https:\/\/residenciaslatorreta.com\/wp-content\/uploads\/2025\/10\/PHOTO-2025-10-16-19-06-28-6-300x225.jpg 300w, https:\/\/residenciaslatorreta.com\/wp-content\/uploads\/2025\/10\/PHOTO-2025-10-16-19-06-28-6-1024x768.jpg 1024w, https:\/\/residenciaslatorreta.com\/wp-content\/uploads\/2025\/10\/PHOTO-2025-10-16-19-06-28-6-768x576.jpg 768w, https:\/\/residenciaslatorreta.com\/wp-content\/uploads\/2025\/10\/PHOTO-2025-10-16-19-06-28-6-1536x1152.jpg 1536w, https:\/\/residenciaslatorreta.com\/wp-content\/uploads\/2025\/10\/PHOTO-2025-10-16-19-06-28-6-800x600.jpg 800w, https:\/\/residenciaslatorreta.com\/wp-content\/uploads\/2025\/10\/PHOTO-2025-10-16-19-06-28-6-700x525.jpg 700w, https:\/\/residenciaslatorreta.com\/wp-content\/uploads\/2025\/10\/PHOTO-2025-10-16-19-06-28-6.jpg 1600w\" sizes=\"auto, (max-width: 300px) 100vw, 300px\" \/> <img loading=\"lazy\" decoding=\"async\" class=\"alignnone size-medium wp-image-9644\" src=\"https:\/\/residenciaslatorreta.com\/wp-content\/uploads\/2025\/10\/IMG_3516-225x300.jpeg\" alt=\"Salida Museu Castellers La Torreta de Piera\" width=\"225\" height=\"300\" srcset=\"https:\/\/residenciaslatorreta.com\/wp-content\/uploads\/2025\/10\/IMG_3516-225x300.jpeg 225w, https:\/\/residenciaslatorreta.com\/wp-content\/uploads\/2025\/10\/IMG_3516-768x1024.jpeg 768w, https:\/\/residenciaslatorreta.com\/wp-content\/uploads\/2025\/10\/IMG_3516-1152x1536.jpeg 1152w, https:\/\/residenciaslatorreta.com\/wp-content\/uploads\/2025\/10\/IMG_3516-1536x2048.jpeg 1536w, https:\/\/residenciaslatorreta.com\/wp-content\/uploads\/2025\/10\/IMG_3516-600x800.jpeg 600w, https:\/\/residenciaslatorreta.com\/wp-content\/uploads\/2025\/10\/IMG_3516-700x933.jpeg 700w, https:\/\/residenciaslatorreta.com\/wp-content\/uploads\/2025\/10\/IMG_3516-scaled.jpeg 1920w\" sizes=\"auto, (max-width: 225px) 100vw, 225px\" \/>\u00a0<img loading=\"lazy\" decoding=\"async\" class=\"alignnone size-medium wp-image-9617\" src=\"https:\/\/residenciaslatorreta.com\/wp-content\/uploads\/2025\/10\/IMG_3561-225x300.jpeg\" alt=\"Salida al Museu dels Castellers de Vilafranca Torreta Piera\" width=\"225\" height=\"300\" srcset=\"https:\/\/residenciaslatorreta.com\/wp-content\/uploads\/2025\/10\/IMG_3561-225x300.jpeg 225w, https:\/\/residenciaslatorreta.com\/wp-content\/uploads\/2025\/10\/IMG_3561-768x1024.jpeg 768w, https:\/\/residenciaslatorreta.com\/wp-content\/uploads\/2025\/10\/IMG_3561-1152x1536.jpeg 1152w, https:\/\/residenciaslatorreta.com\/wp-content\/uploads\/2025\/10\/IMG_3561-1536x2048.jpeg 1536w, https:\/\/residenciaslatorreta.com\/wp-content\/uploads\/2025\/10\/IMG_3561-600x800.jpeg 600w, https:\/\/residenciaslatorreta.com\/wp-content\/uploads\/2025\/10\/IMG_3561-700x933.jpeg 700w, https:\/\/residenciaslatorreta.com\/wp-content\/uploads\/2025\/10\/IMG_3561-scaled.jpeg 1920w\" sizes=\"auto, (max-width: 225px) 100vw, 225px\" \/> <img loading=\"lazy\" decoding=\"async\" class=\"alignnone size-medium wp-image-9621\" src=\"https:\/\/residenciaslatorreta.com\/wp-content\/uploads\/2025\/10\/IMG_3576-225x300.jpeg\" alt=\"Comida Salida al Museu dels Castellers de Vilafranca Torreta Piera\" width=\"225\" height=\"300\" srcset=\"https:\/\/residenciaslatorreta.com\/wp-content\/uploads\/2025\/10\/IMG_3576-225x300.jpeg 225w, https:\/\/residenciaslatorreta.com\/wp-content\/uploads\/2025\/10\/IMG_3576-768x1024.jpeg 768w, https:\/\/residenciaslatorreta.com\/wp-content\/uploads\/2025\/10\/IMG_3576-1152x1536.jpeg 1152w, https:\/\/residenciaslatorreta.com\/wp-content\/uploads\/2025\/10\/IMG_3576-1536x2048.jpeg 1536w, https:\/\/residenciaslatorreta.com\/wp-content\/uploads\/2025\/10\/IMG_3576-600x800.jpeg 600w, https:\/\/residenciaslatorreta.com\/wp-content\/uploads\/2025\/10\/IMG_3576-700x933.jpeg 700w, https:\/\/residenciaslatorreta.com\/wp-content\/uploads\/2025\/10\/IMG_3576-scaled.jpeg 1920w\" sizes=\"auto, (max-width: 225px) 100vw, 225px\" \/> <img loading=\"lazy\" decoding=\"async\" class=\"alignnone size-medium wp-image-9625\" src=\"https:\/\/residenciaslatorreta.com\/wp-content\/uploads\/2025\/10\/IMG_3575-225x300.jpeg\" alt=\"Salida al Museu dels Castellers de Vilafranca Torreta Piera\" width=\"225\" height=\"300\" srcset=\"https:\/\/residenciaslatorreta.com\/wp-content\/uploads\/2025\/10\/IMG_3575-225x300.jpeg 225w, https:\/\/residenciaslatorreta.com\/wp-content\/uploads\/2025\/10\/IMG_3575-768x1024.jpeg 768w, https:\/\/residenciaslatorreta.com\/wp-content\/uploads\/2025\/10\/IMG_3575-1152x1536.jpeg 1152w, https:\/\/residenciaslatorreta.com\/wp-content\/uploads\/2025\/10\/IMG_3575-1536x2048.jpeg 1536w, https:\/\/residenciaslatorreta.com\/wp-content\/uploads\/2025\/10\/IMG_3575-600x800.jpeg 600w, https:\/\/residenciaslatorreta.com\/wp-content\/uploads\/2025\/10\/IMG_3575-700x933.jpeg 700w, https:\/\/residenciaslatorreta.com\/wp-content\/uploads\/2025\/10\/IMG_3575-scaled.jpeg 1920w\" sizes=\"auto, (max-width: 225px) 100vw, 225px\" \/><\/p>\n<p data-start=\"217\" data-end=\"288\">\n","protected":false},"excerpt":{"rendered":"<p>Una experi\u00e8ncia plena d\u2019emoci\u00f3, hist\u00f2ria i treball en equip de la nostra tradici\u00f3 catalana &nbsp; A Resid\u00e8ncies La Torreta ens encanta viure, compartir i mantenir vives les tradicions de la nostra comarca. Aquest mes d\u2019octubre, els residents de La Torreta de Piera vam gaudir d\u2019una&#8230;<\/p>\n","protected":false},"author":5,"featured_media":9605,"comment_status":"closed","ping_status":"open","sticky":false,"template":"","format":"standard","meta":{"footnotes":""},"categories":[30],"tags":[],"yst_prominent_words":[],"class_list":["post-9638","post","type-post","status-publish","format-standard","has-post-thumbnail","hentry","category-actualidad-ca"],"_links":{"self":[{"href":"https:\/\/residenciaslatorreta.com\/ca\/wp-json\/wp\/v2\/posts\/9638","targetHints":{"allow":["GET"]}}],"collection":[{"href":"https:\/\/residenciaslatorreta.com\/ca\/wp-json\/wp\/v2\/posts"}],"about":[{"href":"https:\/\/residenciaslatorreta.com\/ca\/wp-json\/wp\/v2\/types\/post"}],"author":[{"embeddable":true,"href":"https:\/\/residenciaslatorreta.com\/ca\/wp-json\/wp\/v2\/users\/5"}],"replies":[{"embeddable":true,"href":"https:\/\/residenciaslatorreta.com\/ca\/wp-json\/wp\/v2\/comments?post=9638"}],"version-history":[{"count":19,"href":"https:\/\/residenciaslatorreta.com\/ca\/wp-json\/wp\/v2\/posts\/9638\/revisions"}],"predecessor-version":[{"id":9639,"href":"https:\/\/residenciaslatorreta.com\/ca\/wp-json\/wp\/v2\/posts\/9638\/revisions\/9639"}],"wp:featuredmedia":[{"embeddable":true,"href":"https:\/\/residenciaslatorreta.com\/ca\/wp-json\/wp\/v2\/media\/9605"}],"wp:attachment":[{"href":"https:\/\/residenciaslatorreta.com\/ca\/wp-json\/wp\/v2\/media?parent=9638"}],"wp:term":[{"taxonomy":"category","embeddable":true,"href":"https:\/\/residenciaslatorreta.com\/ca\/wp-json\/wp\/v2\/categories?post=9638"},{"taxonomy":"post_tag","embeddable":true,"href":"https:\/\/residenciaslatorreta.com\/ca\/wp-json\/wp\/v2\/tags?post=9638"},{"taxonomy":"yst_prominent_words","embeddable":true,"href":"https:\/\/residenciaslatorreta.com\/ca\/wp-json\/wp\/v2\/yst_prominent_words?post=9638"}],"curies":[{"name":"wp","href":"https:\/\/api.w.org\/{rel}","templated":true}]}}