{"id":9412,"date":"2025-09-09T00:00:26","date_gmt":"2025-09-09T00:00:26","guid":{"rendered":"https:\/\/residenciaslatorreta.com\/preformados\/"},"modified":"2025-09-09T12:06:07","modified_gmt":"2025-09-09T12:06:07","slug":"preformados","status":"publish","type":"post","link":"https:\/\/residenciaslatorreta.com\/ca\/preformados\/","title":{"rendered":"Nutrici\u00f3 amb carinyo: com la dieta texturitzada transforma la cura a La Torreta de Corbera i La Torreta de Piera"},"content":{"rendered":"<h3>Adaptada a persones amb dificultats de degluci\u00f3 o masticaci\u00f3<\/h3>\n<p>&nbsp;<\/p>\n<p data-start=\"46\" data-end=\"268\">T\u2019imagines poder menjar uns macarrons, uns p\u00e8sols o un filet de salm\u00f3 amb l\u2019aparen\u00e7a de l\u2019aliment original per\u00f2 amb textura de pudding per a persones amb dificultats de degluci\u00f3 i\/o masticaci\u00f3?<\/p>\n<p data-start=\"270\" data-end=\"441\">A la <strong>Resid\u00e8ncia La Torreta de Corbera<\/strong> i <strong>La Torreta de Piera<\/strong>, des del 2020, els <strong>plats triturats i preformats<\/strong> d\u2019Apetito Arqu\u00e9s han canviat el dia a dia de moltes persones residents.<\/p>\n<p data-start=\"443\" data-end=\"901\">Es tracta d\u2019un <strong>model innovador de nutrici\u00f3 geri\u00e0trica<\/strong> que no nom\u00e9s cobreix necessitats aliment\u00e0ries, sin\u00f3 que tamb\u00e9 <strong>millora la salut, l\u2019\u00e0nim i l\u2019autonomia de les persones grans<\/strong>. En un entorn residencial ser\u00e8 i familiar, aquest enfocament integral converteix el menjar en una eina de cura i benestar, aportant seguretat, personalitzaci\u00f3 i una experi\u00e8ncia m\u00e9s humana tant per als residents com per a les seves fam\u00edlies.<\/p>\n<p data-start=\"903\" data-end=\"1292\">Aquesta nova dieta texturitzada<strong> s\u2019adapta a les necessitats nutricionals de cada persona<\/strong>, permetent personalitzar el format ajustant prote\u00efnes, hidrats de carboni i vegetals a trav\u00e9s de plats apetitosos. Una manera de recuperar el plaer de menjar.<\/p>\n<p data-start=\"1294\" data-end=\"1311\"><strong data-start=\"1294\" data-end=\"1309\">Avantatges:<\/strong><\/p>\n<ul>\n<li data-start=\"1314\" data-end=\"1332\">Estimula la gana<\/li>\n<li data-start=\"1314\" data-end=\"1332\">Facilita la personalitzaci\u00f3 de la dieta<\/li>\n<li data-start=\"1379\" data-end=\"1427\">Plats que tenen bon aspecte i es mengen millor<\/li>\n<li data-start=\"1430\" data-end=\"1457\">M\u00e9s efici\u00e8ncia a la cuina<\/li>\n<\/ul>\n<p>&nbsp;<\/p>\n<p><img loading=\"lazy\" decoding=\"async\" class=\"alignnone wp-image-9394\" src=\"https:\/\/residenciaslatorreta.com\/wp-content\/uploads\/2025\/09\/Preformados-300x225.jpeg\" alt=\"\" width=\"273\" height=\"205\" srcset=\"https:\/\/residenciaslatorreta.com\/wp-content\/uploads\/2025\/09\/Preformados-300x225.jpeg 300w, https:\/\/residenciaslatorreta.com\/wp-content\/uploads\/2025\/09\/Preformados-1024x768.jpeg 1024w, https:\/\/residenciaslatorreta.com\/wp-content\/uploads\/2025\/09\/Preformados-768x576.jpeg 768w, https:\/\/residenciaslatorreta.com\/wp-content\/uploads\/2025\/09\/Preformados-1536x1152.jpeg 1536w, https:\/\/residenciaslatorreta.com\/wp-content\/uploads\/2025\/09\/Preformados-2048x1536.jpeg 2048w, https:\/\/residenciaslatorreta.com\/wp-content\/uploads\/2025\/09\/Preformados-800x600.jpeg 800w, https:\/\/residenciaslatorreta.com\/wp-content\/uploads\/2025\/09\/Preformados-700x525.jpeg 700w\" sizes=\"auto, (max-width: 273px) 100vw, 273px\" \/>\u00a0<img loading=\"lazy\" decoding=\"async\" class=\"alignnone wp-image-9392\" src=\"https:\/\/residenciaslatorreta.com\/wp-content\/uploads\/2025\/09\/preformado-combinado-1-300x200.jpg\" alt=\"Alimentos Preformados La Torreta de Corbera y La Torreta de Piera\" width=\"307\" height=\"205\" srcset=\"https:\/\/residenciaslatorreta.com\/wp-content\/uploads\/2025\/09\/preformado-combinado-1-300x200.jpg 300w, https:\/\/residenciaslatorreta.com\/wp-content\/uploads\/2025\/09\/preformado-combinado-1-1024x683.jpg 1024w, https:\/\/residenciaslatorreta.com\/wp-content\/uploads\/2025\/09\/preformado-combinado-1-768x513.jpg 768w, https:\/\/residenciaslatorreta.com\/wp-content\/uploads\/2025\/09\/preformado-combinado-1-1536x1025.jpg 1536w, https:\/\/residenciaslatorreta.com\/wp-content\/uploads\/2025\/09\/preformado-combinado-1-2048x1367.jpg 2048w, https:\/\/residenciaslatorreta.com\/wp-content\/uploads\/2025\/09\/preformado-combinado-1-700x467.jpg 700w\" sizes=\"auto, (max-width: 307px) 100vw, 307px\" \/> <img loading=\"lazy\" decoding=\"async\" class=\"alignnone wp-image-9388 size-medium\" src=\"https:\/\/residenciaslatorreta.com\/wp-content\/uploads\/2025\/09\/12002-01-1-300x220.jpg\" alt=\"Alimentos Preformados La Torreta de Corbera y La Torreta de Piera\" width=\"300\" height=\"220\" srcset=\"https:\/\/residenciaslatorreta.com\/wp-content\/uploads\/2025\/09\/12002-01-1-300x220.jpg 300w, https:\/\/residenciaslatorreta.com\/wp-content\/uploads\/2025\/09\/12002-01-1-1024x749.jpg 1024w, https:\/\/residenciaslatorreta.com\/wp-content\/uploads\/2025\/09\/12002-01-1-768x562.jpg 768w, https:\/\/residenciaslatorreta.com\/wp-content\/uploads\/2025\/09\/12002-01-1-1536x1124.jpg 1536w, https:\/\/residenciaslatorreta.com\/wp-content\/uploads\/2025\/09\/12002-01-1-2048x1499.jpg 2048w, https:\/\/residenciaslatorreta.com\/wp-content\/uploads\/2025\/09\/12002-01-1-700x512.jpg 700w\" sizes=\"auto, (max-width: 300px) 100vw, 300px\" \/> <img loading=\"lazy\" decoding=\"async\" class=\"alignnone wp-image-9390 size-medium\" src=\"https:\/\/residenciaslatorreta.com\/wp-content\/uploads\/2025\/09\/12002-00-2-300x220.jpg\" alt=\"Alimentos Preformados La Torreta de Corbera y La Torreta de Piera\" width=\"300\" height=\"220\" srcset=\"https:\/\/residenciaslatorreta.com\/wp-content\/uploads\/2025\/09\/12002-00-2-300x220.jpg 300w, https:\/\/residenciaslatorreta.com\/wp-content\/uploads\/2025\/09\/12002-00-2-1024x750.jpg 1024w, https:\/\/residenciaslatorreta.com\/wp-content\/uploads\/2025\/09\/12002-00-2-768x562.jpg 768w, https:\/\/residenciaslatorreta.com\/wp-content\/uploads\/2025\/09\/12002-00-2-1536x1124.jpg 1536w, https:\/\/residenciaslatorreta.com\/wp-content\/uploads\/2025\/09\/12002-00-2-2048x1499.jpg 2048w, https:\/\/residenciaslatorreta.com\/wp-content\/uploads\/2025\/09\/12002-00-2-700x512.jpg 700w\" sizes=\"auto, (max-width: 300px) 100vw, 300px\" \/>\u00a0 <img loading=\"lazy\" decoding=\"async\" class=\"alignnone size-medium wp-image-9450\" src=\"https:\/\/residenciaslatorreta.com\/wp-content\/uploads\/2025\/09\/Exterior-2-300x225.jpeg\" alt=\"La Torreta de Corbera\" width=\"300\" height=\"225\" srcset=\"https:\/\/residenciaslatorreta.com\/wp-content\/uploads\/2025\/09\/Exterior-2-300x225.jpeg 300w, https:\/\/residenciaslatorreta.com\/wp-content\/uploads\/2025\/09\/Exterior-2-1024x768.jpeg 1024w, https:\/\/residenciaslatorreta.com\/wp-content\/uploads\/2025\/09\/Exterior-2-768x576.jpeg 768w, https:\/\/residenciaslatorreta.com\/wp-content\/uploads\/2025\/09\/Exterior-2-1536x1152.jpeg 1536w, https:\/\/residenciaslatorreta.com\/wp-content\/uploads\/2025\/09\/Exterior-2-2048x1536.jpeg 2048w, https:\/\/residenciaslatorreta.com\/wp-content\/uploads\/2025\/09\/Exterior-2-800x600.jpeg 800w, https:\/\/residenciaslatorreta.com\/wp-content\/uploads\/2025\/09\/Exterior-2-700x525.jpeg 700w\" sizes=\"auto, (max-width: 300px) 100vw, 300px\" \/> <img loading=\"lazy\" decoding=\"async\" class=\"alignnone size-medium wp-image-9452\" src=\"https:\/\/residenciaslatorreta.com\/wp-content\/uploads\/2025\/09\/PHOTO-2025-06-23-17-00-28-300x225.jpg\" alt=\"La Torreta de Piera\" width=\"300\" height=\"225\" srcset=\"https:\/\/residenciaslatorreta.com\/wp-content\/uploads\/2025\/09\/PHOTO-2025-06-23-17-00-28-300x225.jpg 300w, https:\/\/residenciaslatorreta.com\/wp-content\/uploads\/2025\/09\/PHOTO-2025-06-23-17-00-28-1024x768.jpg 1024w, https:\/\/residenciaslatorreta.com\/wp-content\/uploads\/2025\/09\/PHOTO-2025-06-23-17-00-28-768x576.jpg 768w, https:\/\/residenciaslatorreta.com\/wp-content\/uploads\/2025\/09\/PHOTO-2025-06-23-17-00-28-800x600.jpg 800w, https:\/\/residenciaslatorreta.com\/wp-content\/uploads\/2025\/09\/PHOTO-2025-06-23-17-00-28-700x525.jpg 700w, https:\/\/residenciaslatorreta.com\/wp-content\/uploads\/2025\/09\/PHOTO-2025-06-23-17-00-28.jpg 1471w\" sizes=\"auto, (max-width: 300px) 100vw, 300px\" \/>\u00a0<img loading=\"lazy\" decoding=\"async\" class=\"alignnone size-medium wp-image-9433\" src=\"https:\/\/residenciaslatorreta.com\/wp-content\/uploads\/2025\/09\/PHOTO-2025-09-09-12-36-25-225x300.jpg\" alt=\"Usuario de La Torreta de Corbera comiendo un plato preformado\" width=\"225\" height=\"300\" srcset=\"https:\/\/residenciaslatorreta.com\/wp-content\/uploads\/2025\/09\/PHOTO-2025-09-09-12-36-25-225x300.jpg 225w, https:\/\/residenciaslatorreta.com\/wp-content\/uploads\/2025\/09\/PHOTO-2025-09-09-12-36-25-768x1024.jpg 768w, https:\/\/residenciaslatorreta.com\/wp-content\/uploads\/2025\/09\/PHOTO-2025-09-09-12-36-25-600x800.jpg 600w, https:\/\/residenciaslatorreta.com\/wp-content\/uploads\/2025\/09\/PHOTO-2025-09-09-12-36-25-700x933.jpg 700w, https:\/\/residenciaslatorreta.com\/wp-content\/uploads\/2025\/09\/PHOTO-2025-09-09-12-36-25.jpg 976w\" sizes=\"auto, (max-width: 225px) 100vw, 225px\" \/><\/p>\n<p data-start=\"46\" data-end=\"143\"><strong data-start=\"46\" data-end=\"141\">\u201cNo \u00e9s nom\u00e9s nutrici\u00f3, \u00e9s benestar.\u201d &#8211; Carmen Izquierdo, directora de La Torreta de Corbera<\/strong><\/p>\n<p data-start=\"145\" data-end=\"231\">Perqu\u00e8 menjar amb gust, amb seguretat i amb dignitat tamb\u00e9 \u00e9s qualitat assistencial.<\/p>\n<p data-start=\"233\" data-end=\"269\">Descobreix el testimoni complet a:<a href=\"https:\/\/apetitoarques.com\/blog\/nutricion-geriatrica-torreta\/\">https:\/\/apetitoarques.com\/blog\/nutricion-geriatrica-torreta\/<\/a><\/p>\n","protected":false},"excerpt":{"rendered":"<p>Adaptada a persones amb dificultats de degluci\u00f3 o masticaci\u00f3 &nbsp; T\u2019imagines poder menjar uns macarrons, uns p\u00e8sols o un filet de salm\u00f3 amb l\u2019aparen\u00e7a de l\u2019aliment original per\u00f2 amb textura de pudding per a persones amb dificultats de degluci\u00f3 i\/o masticaci\u00f3? A la Resid\u00e8ncia La&#8230;<\/p>\n","protected":false},"author":5,"featured_media":9379,"comment_status":"closed","ping_status":"open","sticky":false,"template":"","format":"standard","meta":{"footnotes":""},"categories":[30],"tags":[],"yst_prominent_words":[],"class_list":["post-9412","post","type-post","status-publish","format-standard","has-post-thumbnail","hentry","category-actualidad-ca"],"_links":{"self":[{"href":"https:\/\/residenciaslatorreta.com\/ca\/wp-json\/wp\/v2\/posts\/9412","targetHints":{"allow":["GET"]}}],"collection":[{"href":"https:\/\/residenciaslatorreta.com\/ca\/wp-json\/wp\/v2\/posts"}],"about":[{"href":"https:\/\/residenciaslatorreta.com\/ca\/wp-json\/wp\/v2\/types\/post"}],"author":[{"embeddable":true,"href":"https:\/\/residenciaslatorreta.com\/ca\/wp-json\/wp\/v2\/users\/5"}],"replies":[{"embeddable":true,"href":"https:\/\/residenciaslatorreta.com\/ca\/wp-json\/wp\/v2\/comments?post=9412"}],"version-history":[{"count":22,"href":"https:\/\/residenciaslatorreta.com\/ca\/wp-json\/wp\/v2\/posts\/9412\/revisions"}],"predecessor-version":[{"id":9459,"href":"https:\/\/residenciaslatorreta.com\/ca\/wp-json\/wp\/v2\/posts\/9412\/revisions\/9459"}],"wp:featuredmedia":[{"embeddable":true,"href":"https:\/\/residenciaslatorreta.com\/ca\/wp-json\/wp\/v2\/media\/9379"}],"wp:attachment":[{"href":"https:\/\/residenciaslatorreta.com\/ca\/wp-json\/wp\/v2\/media?parent=9412"}],"wp:term":[{"taxonomy":"category","embeddable":true,"href":"https:\/\/residenciaslatorreta.com\/ca\/wp-json\/wp\/v2\/categories?post=9412"},{"taxonomy":"post_tag","embeddable":true,"href":"https:\/\/residenciaslatorreta.com\/ca\/wp-json\/wp\/v2\/tags?post=9412"},{"taxonomy":"yst_prominent_words","embeddable":true,"href":"https:\/\/residenciaslatorreta.com\/ca\/wp-json\/wp\/v2\/yst_prominent_words?post=9412"}],"curies":[{"name":"wp","href":"https:\/\/api.w.org\/{rel}","templated":true}]}}