{"id":8653,"date":"2025-01-20T00:00:22","date_gmt":"2025-01-20T00:00:22","guid":{"rendered":"https:\/\/residenciaslatorreta.com\/quinto-aniversario-la-torreta-eixample-el-prat\/"},"modified":"2025-01-20T10:12:01","modified_gmt":"2025-01-20T10:12:01","slug":"quinto-aniversario-la-torreta-eixample-el-prat","status":"publish","type":"post","link":"https:\/\/residenciaslatorreta.com\/ca\/quinto-aniversario-la-torreta-eixample-el-prat\/","title":{"rendered":"Cinqu\u00e8 Aniversari de La Torreta Eixample El Prat"},"content":{"rendered":"<h3>Estem de Celebraci\u00f3<\/h3>\n<p>&nbsp;<\/p>\n<p>Un 14 de gener de 2020, fa cinc anys, inaugur\u00e0vem el nostre nou centre de <strong>La Torreta Eixample El Prat<\/strong> amb la il\u00b7lusi\u00f3 de construir una nova llar per a les nostres <strong>persones grans<\/strong> amb les \u00faltimes novetats en instal\u00b7lacions i amb l\u00b4experi\u00e8ncia de <strong>m\u00e9s de 20 anys al Prat de Llobregat<\/strong>.<\/p>\n<p>Una obertura que va comen\u00e7ar quasi a la vegada que la pand\u00e8mia i va suposar un repte per a tots, fam\u00edlies, residents i professionals que van oferir una humanitat encomiable.<\/p>\n<p><strong>El nostre<\/strong> <strong>jard\u00ed i hort terap\u00e8utic<\/strong> junt al nostre <strong>model basat en unitats de conviv\u00e8ncia<\/strong> van ser un respir per a tots.<\/p>\n<p>Guardem un profund record pels que ens han deixat en aquest recorregut. I no volem deixar de felicitar especialment a totes <strong>les persones residents , a vosaltres fam\u00edlies i a tot l \u00b4equip de professionals<\/strong> que heu fet possible el somni de fer cr\u00e9ixer la Resid\u00e8ncia de La Torreta Eixample El Prat fins el dia d\u00b4avui i <span style=\"font-size: 16px; line-height: 24px;\">a tots aquells i\u00a0 aquelles que ho continueu fent en els nostres centres.<\/span><\/p>\n<p>Per aix\u00f2 volem seguir celebrant-ho junts molts anys m\u00e9s!!<\/p>\n<p>Gr\u00e0cies per la vostra confian\u00e7a i per haver escollit formar amb nosaltres <strong>una nova llar i una nova fam\u00edlia<\/strong>.<\/p>\n<p>&nbsp;<\/p>\n<p><span style=\"color: #333333;\"><strong><a style=\"color: #333333;\" href=\"https:\/\/vimeo.com\/1047451288\/262b2ab42d?ts=0&amp;share=copy\">Veure v\u00eddeo 5 aniversari <\/a><\/strong><strong><a style=\"color: #333333;\" href=\"https:\/\/vimeo.com\/manage\/videos\/1047815076\/2620ba9b6c\">La Torreta Eixample El prat.\u00a0<\/a><\/strong><\/span><\/p>\n<p>&nbsp;<\/p>\n<p><a href=\"https:\/\/vimeo.com\/manage\/videos\/1047815076\/2620ba9b6c\"><img loading=\"lazy\" decoding=\"async\" class=\"alignnone size-medium wp-image-8699\" src=\"https:\/\/residenciaslatorreta.com\/wp-content\/uploads\/2025\/01\/aniversari-Eixample-El-Pat-300x167.png\" alt=\"aniversari Eixample El Pat\" width=\"400\" height=\"200\" \/><\/a><\/p>\n<p>&nbsp;<\/p>\n<p>&nbsp;<\/p>\n<p><em>\u00a0<\/em><\/p>\n","protected":false},"excerpt":{"rendered":"<p>Estem de Celebraci\u00f3 &nbsp; Un 14 de gener de 2020, fa cinc anys, inaugur\u00e0vem el nostre nou centre de La Torreta Eixample El Prat amb la il\u00b7lusi\u00f3 de construir una nova llar per a les nostres persones grans amb les \u00faltimes novetats en instal\u00b7lacions i&#8230;<\/p>\n","protected":false},"author":5,"featured_media":8696,"comment_status":"closed","ping_status":"open","sticky":false,"template":"","format":"standard","meta":{"footnotes":""},"categories":[30],"tags":[],"yst_prominent_words":[],"class_list":["post-8653","post","type-post","status-publish","format-standard","has-post-thumbnail","hentry","category-actualidad-ca"],"_links":{"self":[{"href":"https:\/\/residenciaslatorreta.com\/ca\/wp-json\/wp\/v2\/posts\/8653","targetHints":{"allow":["GET"]}}],"collection":[{"href":"https:\/\/residenciaslatorreta.com\/ca\/wp-json\/wp\/v2\/posts"}],"about":[{"href":"https:\/\/residenciaslatorreta.com\/ca\/wp-json\/wp\/v2\/types\/post"}],"author":[{"embeddable":true,"href":"https:\/\/residenciaslatorreta.com\/ca\/wp-json\/wp\/v2\/users\/5"}],"replies":[{"embeddable":true,"href":"https:\/\/residenciaslatorreta.com\/ca\/wp-json\/wp\/v2\/comments?post=8653"}],"version-history":[{"count":13,"href":"https:\/\/residenciaslatorreta.com\/ca\/wp-json\/wp\/v2\/posts\/8653\/revisions"}],"predecessor-version":[{"id":8709,"href":"https:\/\/residenciaslatorreta.com\/ca\/wp-json\/wp\/v2\/posts\/8653\/revisions\/8709"}],"wp:featuredmedia":[{"embeddable":true,"href":"https:\/\/residenciaslatorreta.com\/ca\/wp-json\/wp\/v2\/media\/8696"}],"wp:attachment":[{"href":"https:\/\/residenciaslatorreta.com\/ca\/wp-json\/wp\/v2\/media?parent=8653"}],"wp:term":[{"taxonomy":"category","embeddable":true,"href":"https:\/\/residenciaslatorreta.com\/ca\/wp-json\/wp\/v2\/categories?post=8653"},{"taxonomy":"post_tag","embeddable":true,"href":"https:\/\/residenciaslatorreta.com\/ca\/wp-json\/wp\/v2\/tags?post=8653"},{"taxonomy":"yst_prominent_words","embeddable":true,"href":"https:\/\/residenciaslatorreta.com\/ca\/wp-json\/wp\/v2\/yst_prominent_words?post=8653"}],"curies":[{"name":"wp","href":"https:\/\/api.w.org\/{rel}","templated":true}]}}