{"id":8453,"date":"2024-09-17T00:00:44","date_gmt":"2024-09-17T00:00:44","guid":{"rendered":"https:\/\/residenciaslatorreta.com\/salida-al-aeropuerto-del-prat\/"},"modified":"2024-09-17T14:55:57","modified_gmt":"2024-09-17T14:55:57","slug":"salida-al-aeropuerto-del-prat","status":"publish","type":"post","link":"https:\/\/residenciaslatorreta.com\/ca\/salida-al-aeropuerto-del-prat\/","title":{"rendered":"Sortida a l\u00b4 Aeroport del Prat amb les nostres persones residents i del Centre de Dia"},"content":{"rendered":"<h3>Una experi\u00e8ncia d\u00b4al\u00e7ada<\/h3>\n<p>&nbsp;<\/p>\n<p>Durant aquests mesos de juliol, agost i setembre hem realitzat tres sortides amb persones usu\u00e0ries del Centre de Dia i residents de <strong>La Torreta Eixample El Prat a l\u00b4aeroport <\/strong>Josep Tarradellas Barcelona-El Prat.<\/p>\n<p>Tot un honor visitar aquest aeroport que tenim al costat de casa nostra i que ha obtingut el premi al millor aeroport europeu de m\u00e9s de 40 milions de passatgers de tot Europa gr\u00e0cies a la construcci\u00f3 de la nova T1 que ha millorat les operacions al camp de vol minimitzant els creuaments a la pista, l\u00b4experi\u00e8ncia del passatger amb espais mes amplis i lluminosos i el proc\u00e9s d\u00b4equipatge\u00a0 m\u00e9s segur i r\u00e0pid.<\/p>\n<p><strong>Les nostres persones residents van poder veure la m\u00e0quina segurament m\u00e9s gran que hagin vist<\/strong>, el SATE, que fa 26 Km si la posem tota en l\u00ednia i s\u00b4encarrega de gestionar tots els equipatges de l \u00b4aeroport a la T1 i de moure les maletes que en tan sols 6 minuts arriben d\u00b4un costat a l \u00b4altre amb un sistema de verificaci\u00f3 i seguiment del 99,9%.<\/p>\n<p>Una viv\u00e8ncia molt bonica per les nostres persones residents i usu\u00e0ries on van con\u00e8ixer moltes curiositats com que cada trenta segons hi ha una operaci\u00f3 de vol o que els avions poden arribar a agafar de 350 fins a 450 Km per hora els m\u00e9s grans.<\/p>\n<h5>Una Visita dividida en dos parts<\/h5>\n<p>La primera part de la vista va ser al Centre Cultural Aeron\u00e0utic de l\u00b4Aeroport situat entre l \u00b4hangar d\u00b4Iberia i la terminal corporativa on se\u00b4ns va oferir una explicaci\u00f3 detallada sobre l \u00b4Aeroport.<\/p>\n<p>A la segona part, un cop passada la zona de control i acompanyats d\u00b4un guia, vam gaudir d\u00b4un tour en autocar pel vial perimetral del camp de vol amb una panor\u00e0mica de les diferents pistes, les terminals i les plataformes associades i vam descobrir els elements necessaris pel funcionament d\u00b4un aeroport com s\u00f3n els push-back per poder moure els avions quan estan parats o les barreres d\u00b4aire que trenquen el con de l \u00b4aire calent del motor dels avions.<\/p>\n<p>Com aspectes destacats de la visita en el recorregut vam veure l \u00b4hangar d\u00b4Iberia,\u00a0 que \u00e9s l \u00b4hangar amb l \u00b4estructura m\u00e9s gran del sur d\u00b4Europa per mantenir avions al seu interior. Vam passar paral.lels a la pista de mar per on es fan la majoria de les operacions d\u00b4enlairament i ens vam arrenglerar tamb\u00e9 amb la pista de la cap\u00e7alera principal per veure de prop com aterraven els avions. Vam passar pel pont aeri, per la torre de control principal, per la casa dels falconers, que s\u00b4utilitzen per espantar les aus dels avions, per la reserva natural del Delta amb les seves llacunes protegides, la cabina de control d\u00b4aig\u00fces que treuen l \u00b4aigua del subs\u00f2l per poder mantenir la pista plana, la base de l \u00b4ex\u00e8rcit de l\u00b4aire, l\u00b4estaci\u00f3 de bombers, la T1 amb els seus grans avions intercontinentals, la T2 on d\u00b4aqu\u00ed uns mesos traslladaran el mural de Mir\u00f3 a la T1, i l\u00b4hangar de l \u00b4Institut cartogr\u00e0fic de Catalunya.<\/p>\n<p>Una visita molt enriquidora i l\u00fadica per les nostres persones residents.<\/p>\n<p>Us deixem les imatges!<\/p>\n<p><img loading=\"lazy\" decoding=\"async\" class=\"alignnone wp-image-8421 size-thumbnail\" src=\"https:\/\/residenciaslatorreta.com\/wp-content\/uploads\/2024\/09\/IMG_1674-150x150.jpeg\" alt=\"Salida al Aeropuerto Residencia La Torreta Eixample El Prat\" width=\"150\" height=\"150\" srcset=\"https:\/\/residenciaslatorreta.com\/wp-content\/uploads\/2024\/09\/IMG_1674-150x150.jpeg 150w, https:\/\/residenciaslatorreta.com\/wp-content\/uploads\/2024\/09\/IMG_1674-570x570.jpeg 570w, https:\/\/residenciaslatorreta.com\/wp-content\/uploads\/2024\/09\/IMG_1674-500x500.jpeg 500w, https:\/\/residenciaslatorreta.com\/wp-content\/uploads\/2024\/09\/IMG_1674-1000x1000.jpeg 1000w\" sizes=\"auto, (max-width: 150px) 100vw, 150px\" \/> <img loading=\"lazy\" decoding=\"async\" class=\"alignnone wp-image-8401 size-thumbnail\" src=\"https:\/\/residenciaslatorreta.com\/wp-content\/uploads\/2024\/09\/IMG_0835-150x150.jpeg\" alt=\"Salida al Aeropuerto Residencia La Torreta Eixample El Prat\" width=\"150\" height=\"150\" srcset=\"https:\/\/residenciaslatorreta.com\/wp-content\/uploads\/2024\/09\/IMG_0835-150x150.jpeg 150w, https:\/\/residenciaslatorreta.com\/wp-content\/uploads\/2024\/09\/IMG_0835-570x570.jpeg 570w, https:\/\/residenciaslatorreta.com\/wp-content\/uploads\/2024\/09\/IMG_0835-500x500.jpeg 500w, https:\/\/residenciaslatorreta.com\/wp-content\/uploads\/2024\/09\/IMG_0835-1000x1000.jpeg 1000w\" sizes=\"auto, (max-width: 150px) 100vw, 150px\" \/> <img loading=\"lazy\" decoding=\"async\" class=\"alignnone wp-image-8403 size-thumbnail\" src=\"https:\/\/residenciaslatorreta.com\/wp-content\/uploads\/2024\/09\/PHOTO-2024-08-21-14-47-51-2-150x150.jpg\" alt=\"Salida al Aeropuerto Residencia La Torreta Eixample El Prat\" width=\"150\" height=\"150\" srcset=\"https:\/\/residenciaslatorreta.com\/wp-content\/uploads\/2024\/09\/PHOTO-2024-08-21-14-47-51-2-150x150.jpg 150w, https:\/\/residenciaslatorreta.com\/wp-content\/uploads\/2024\/09\/PHOTO-2024-08-21-14-47-51-2-570x570.jpg 570w, https:\/\/residenciaslatorreta.com\/wp-content\/uploads\/2024\/09\/PHOTO-2024-08-21-14-47-51-2-500x500.jpg 500w, https:\/\/residenciaslatorreta.com\/wp-content\/uploads\/2024\/09\/PHOTO-2024-08-21-14-47-51-2-1000x1000.jpg 1000w\" sizes=\"auto, (max-width: 150px) 100vw, 150px\" \/> <img loading=\"lazy\" decoding=\"async\" class=\"alignnone wp-image-8405 size-thumbnail\" src=\"https:\/\/residenciaslatorreta.com\/wp-content\/uploads\/2024\/09\/IMG_1824-150x150.jpeg\" alt=\"Salida al Aeropuerto Residencia La Torreta Eixample El Prat\" width=\"150\" height=\"150\" srcset=\"https:\/\/residenciaslatorreta.com\/wp-content\/uploads\/2024\/09\/IMG_1824-150x150.jpeg 150w, https:\/\/residenciaslatorreta.com\/wp-content\/uploads\/2024\/09\/IMG_1824-570x570.jpeg 570w, https:\/\/residenciaslatorreta.com\/wp-content\/uploads\/2024\/09\/IMG_1824-500x500.jpeg 500w, https:\/\/residenciaslatorreta.com\/wp-content\/uploads\/2024\/09\/IMG_1824-1000x1000.jpeg 1000w\" sizes=\"auto, (max-width: 150px) 100vw, 150px\" \/> <img loading=\"lazy\" decoding=\"async\" class=\"alignnone wp-image-8413 size-thumbnail\" src=\"https:\/\/residenciaslatorreta.com\/wp-content\/uploads\/2024\/09\/IMG_0693-150x150.jpeg\" alt=\"Salida al Aeropuerto Residencia La Torreta Eixample El Prat\" width=\"150\" height=\"150\" srcset=\"https:\/\/residenciaslatorreta.com\/wp-content\/uploads\/2024\/09\/IMG_0693-150x150.jpeg 150w, https:\/\/residenciaslatorreta.com\/wp-content\/uploads\/2024\/09\/IMG_0693-570x570.jpeg 570w, https:\/\/residenciaslatorreta.com\/wp-content\/uploads\/2024\/09\/IMG_0693-500x500.jpeg 500w, https:\/\/residenciaslatorreta.com\/wp-content\/uploads\/2024\/09\/IMG_0693-1000x1000.jpeg 1000w\" sizes=\"auto, (max-width: 150px) 100vw, 150px\" \/> <img loading=\"lazy\" decoding=\"async\" class=\"alignnone wp-image-8411 size-thumbnail\" src=\"https:\/\/residenciaslatorreta.com\/wp-content\/uploads\/2024\/09\/IMG_0696-150x150.jpeg\" alt=\"Salida al Aeropuerto Residencia La Torreta Eixample El Prat\" width=\"150\" height=\"150\" srcset=\"https:\/\/residenciaslatorreta.com\/wp-content\/uploads\/2024\/09\/IMG_0696-150x150.jpeg 150w, https:\/\/residenciaslatorreta.com\/wp-content\/uploads\/2024\/09\/IMG_0696-570x570.jpeg 570w, https:\/\/residenciaslatorreta.com\/wp-content\/uploads\/2024\/09\/IMG_0696-500x500.jpeg 500w, https:\/\/residenciaslatorreta.com\/wp-content\/uploads\/2024\/09\/IMG_0696-1000x1000.jpeg 1000w\" sizes=\"auto, (max-width: 150px) 100vw, 150px\" \/>\u00a0<img loading=\"lazy\" decoding=\"async\" class=\"alignnone wp-image-8415 size-thumbnail\" src=\"https:\/\/residenciaslatorreta.com\/wp-content\/uploads\/2024\/09\/IMG_0818-150x150.jpeg\" alt=\"Salida al Aeropuerto Residencia La Torreta Eixample El Prat\" width=\"150\" height=\"150\" srcset=\"https:\/\/residenciaslatorreta.com\/wp-content\/uploads\/2024\/09\/IMG_0818-150x150.jpeg 150w, https:\/\/residenciaslatorreta.com\/wp-content\/uploads\/2024\/09\/IMG_0818-570x570.jpeg 570w, https:\/\/residenciaslatorreta.com\/wp-content\/uploads\/2024\/09\/IMG_0818-500x500.jpeg 500w, https:\/\/residenciaslatorreta.com\/wp-content\/uploads\/2024\/09\/IMG_0818-1000x1000.jpeg 1000w\" sizes=\"auto, (max-width: 150px) 100vw, 150px\" \/>\u00a0<img loading=\"lazy\" decoding=\"async\" class=\"alignnone wp-image-8439 size-thumbnail\" src=\"https:\/\/residenciaslatorreta.com\/wp-content\/uploads\/2024\/09\/IMG_1835-150x150.jpeg\" alt=\"Salida al Aeropuerto Residencia La Torreta Eixample El Prat\" width=\"150\" height=\"150\" srcset=\"https:\/\/residenciaslatorreta.com\/wp-content\/uploads\/2024\/09\/IMG_1835-150x150.jpeg 150w, https:\/\/residenciaslatorreta.com\/wp-content\/uploads\/2024\/09\/IMG_1835-570x570.jpeg 570w, https:\/\/residenciaslatorreta.com\/wp-content\/uploads\/2024\/09\/IMG_1835-500x500.jpeg 500w, https:\/\/residenciaslatorreta.com\/wp-content\/uploads\/2024\/09\/IMG_1835-1000x1000.jpeg 1000w\" sizes=\"auto, (max-width: 150px) 100vw, 150px\" \/>\u00a0<img loading=\"lazy\" decoding=\"async\" class=\"alignnone wp-image-8450 size-thumbnail\" src=\"https:\/\/residenciaslatorreta.com\/wp-content\/uploads\/2024\/09\/IMG_0665-150x150.jpeg\" alt=\"Salida al Aeropuerto Residencia La Torreta Eixample El Prat\" width=\"150\" height=\"150\" srcset=\"https:\/\/residenciaslatorreta.com\/wp-content\/uploads\/2024\/09\/IMG_0665-150x150.jpeg 150w, https:\/\/residenciaslatorreta.com\/wp-content\/uploads\/2024\/09\/IMG_0665-570x570.jpeg 570w, https:\/\/residenciaslatorreta.com\/wp-content\/uploads\/2024\/09\/IMG_0665-500x500.jpeg 500w, https:\/\/residenciaslatorreta.com\/wp-content\/uploads\/2024\/09\/IMG_0665-1000x1000.jpeg 1000w\" sizes=\"auto, (max-width: 150px) 100vw, 150px\" \/> <img loading=\"lazy\" decoding=\"async\" class=\"alignnone wp-image-8417 size-thumbnail\" src=\"https:\/\/residenciaslatorreta.com\/wp-content\/uploads\/2024\/09\/PHOTO-2024-08-21-14-47-51-5-150x150.jpg\" alt=\"Salida al Aeropuerto Residencia La Torreta Eixample El Prat\" width=\"150\" height=\"150\" srcset=\"https:\/\/residenciaslatorreta.com\/wp-content\/uploads\/2024\/09\/PHOTO-2024-08-21-14-47-51-5-150x150.jpg 150w, https:\/\/residenciaslatorreta.com\/wp-content\/uploads\/2024\/09\/PHOTO-2024-08-21-14-47-51-5-570x570.jpg 570w, https:\/\/residenciaslatorreta.com\/wp-content\/uploads\/2024\/09\/PHOTO-2024-08-21-14-47-51-5-500x500.jpg 500w, https:\/\/residenciaslatorreta.com\/wp-content\/uploads\/2024\/09\/PHOTO-2024-08-21-14-47-51-5-1000x1000.jpg 1000w\" sizes=\"auto, (max-width: 150px) 100vw, 150px\" \/>\u00a0 \u00a0<img loading=\"lazy\" decoding=\"async\" class=\"alignnone wp-image-8437 size-thumbnail\" src=\"https:\/\/residenciaslatorreta.com\/wp-content\/uploads\/2024\/09\/IMG_1828-150x150.jpeg\" alt=\"Salida al Aeropuerto Residencia La Torreta Eixample El Prat\" width=\"150\" height=\"150\" srcset=\"https:\/\/residenciaslatorreta.com\/wp-content\/uploads\/2024\/09\/IMG_1828-150x150.jpeg 150w, https:\/\/residenciaslatorreta.com\/wp-content\/uploads\/2024\/09\/IMG_1828-570x570.jpeg 570w, https:\/\/residenciaslatorreta.com\/wp-content\/uploads\/2024\/09\/IMG_1828-500x500.jpeg 500w, https:\/\/residenciaslatorreta.com\/wp-content\/uploads\/2024\/09\/IMG_1828-1000x1000.jpeg 1000w\" sizes=\"auto, (max-width: 150px) 100vw, 150px\" \/> <img loading=\"lazy\" decoding=\"async\" class=\"alignnone wp-image-8419 size-thumbnail\" src=\"https:\/\/residenciaslatorreta.com\/wp-content\/uploads\/2024\/09\/PHOTO-2024-08-21-14-47-52-2-150x150.jpg\" alt=\"Salida al Aeropuerto Residencia La Torreta Eixample El Prat\" width=\"150\" height=\"150\" srcset=\"https:\/\/residenciaslatorreta.com\/wp-content\/uploads\/2024\/09\/PHOTO-2024-08-21-14-47-52-2-150x150.jpg 150w, https:\/\/residenciaslatorreta.com\/wp-content\/uploads\/2024\/09\/PHOTO-2024-08-21-14-47-52-2-570x570.jpg 570w, https:\/\/residenciaslatorreta.com\/wp-content\/uploads\/2024\/09\/PHOTO-2024-08-21-14-47-52-2-500x500.jpg 500w, https:\/\/residenciaslatorreta.com\/wp-content\/uploads\/2024\/09\/PHOTO-2024-08-21-14-47-52-2-1000x1000.jpg 1000w\" sizes=\"auto, (max-width: 150px) 100vw, 150px\" \/> <img loading=\"lazy\" decoding=\"async\" class=\"alignnone wp-image-8423 size-thumbnail\" src=\"https:\/\/residenciaslatorreta.com\/wp-content\/uploads\/2024\/09\/IMG_1714-150x150.jpeg\" alt=\"Salida al Aeropuerto Residencia La Torreta Eixample El Prat\" width=\"150\" height=\"150\" srcset=\"https:\/\/residenciaslatorreta.com\/wp-content\/uploads\/2024\/09\/IMG_1714-150x150.jpeg 150w, https:\/\/residenciaslatorreta.com\/wp-content\/uploads\/2024\/09\/IMG_1714-570x570.jpeg 570w, https:\/\/residenciaslatorreta.com\/wp-content\/uploads\/2024\/09\/IMG_1714-500x500.jpeg 500w, https:\/\/residenciaslatorreta.com\/wp-content\/uploads\/2024\/09\/IMG_1714-1000x1000.jpeg 1000w\" sizes=\"auto, (max-width: 150px) 100vw, 150px\" \/> <img loading=\"lazy\" decoding=\"async\" class=\"alignnone wp-image-8444 size-thumbnail\" src=\"https:\/\/residenciaslatorreta.com\/wp-content\/uploads\/2024\/09\/IMG_1725-150x150.jpeg\" alt=\"Salida al Aeropuerto Residencia La Torreta Eixample El Prat\" width=\"150\" height=\"150\" srcset=\"https:\/\/residenciaslatorreta.com\/wp-content\/uploads\/2024\/09\/IMG_1725-150x150.jpeg 150w, https:\/\/residenciaslatorreta.com\/wp-content\/uploads\/2024\/09\/IMG_1725-570x570.jpeg 570w, https:\/\/residenciaslatorreta.com\/wp-content\/uploads\/2024\/09\/IMG_1725-500x500.jpeg 500w, https:\/\/residenciaslatorreta.com\/wp-content\/uploads\/2024\/09\/IMG_1725-1000x1000.jpeg 1000w\" sizes=\"auto, (max-width: 150px) 100vw, 150px\" \/> <img loading=\"lazy\" decoding=\"async\" class=\"alignnone wp-image-8442 size-thumbnail\" src=\"https:\/\/residenciaslatorreta.com\/wp-content\/uploads\/2024\/09\/IMG_1771-150x150.jpeg\" alt=\"Salida al Aeropuerto Residencia La Torreta Eixample El Prat\" width=\"150\" height=\"150\" srcset=\"https:\/\/residenciaslatorreta.com\/wp-content\/uploads\/2024\/09\/IMG_1771-150x150.jpeg 150w, https:\/\/residenciaslatorreta.com\/wp-content\/uploads\/2024\/09\/IMG_1771-570x570.jpeg 570w, https:\/\/residenciaslatorreta.com\/wp-content\/uploads\/2024\/09\/IMG_1771-500x500.jpeg 500w, https:\/\/residenciaslatorreta.com\/wp-content\/uploads\/2024\/09\/IMG_1771-1000x1000.jpeg 1000w\" sizes=\"auto, (max-width: 150px) 100vw, 150px\" \/> <img loading=\"lazy\" decoding=\"async\" class=\"alignnone wp-image-8425 size-thumbnail\" src=\"https:\/\/residenciaslatorreta.com\/wp-content\/uploads\/2024\/09\/IMG_1799-150x150.jpeg\" alt=\"Salida al Aeropuerto Residencia La Torreta Eixample El Prat\" width=\"150\" height=\"150\" srcset=\"https:\/\/residenciaslatorreta.com\/wp-content\/uploads\/2024\/09\/IMG_1799-150x150.jpeg 150w, https:\/\/residenciaslatorreta.com\/wp-content\/uploads\/2024\/09\/IMG_1799-570x570.jpeg 570w, https:\/\/residenciaslatorreta.com\/wp-content\/uploads\/2024\/09\/IMG_1799-500x500.jpeg 500w, https:\/\/residenciaslatorreta.com\/wp-content\/uploads\/2024\/09\/IMG_1799-1000x1000.jpeg 1000w\" sizes=\"auto, (max-width: 150px) 100vw, 150px\" \/> <img loading=\"lazy\" decoding=\"async\" class=\"alignnone wp-image-8427 size-thumbnail\" src=\"https:\/\/residenciaslatorreta.com\/wp-content\/uploads\/2024\/09\/IMG_1815-150x150.jpeg\" alt=\"Salida al Aeropuerto Residencia La Torreta Eixample El Prat\" width=\"150\" height=\"150\" srcset=\"https:\/\/residenciaslatorreta.com\/wp-content\/uploads\/2024\/09\/IMG_1815-150x150.jpeg 150w, https:\/\/residenciaslatorreta.com\/wp-content\/uploads\/2024\/09\/IMG_1815-570x570.jpeg 570w, https:\/\/residenciaslatorreta.com\/wp-content\/uploads\/2024\/09\/IMG_1815-500x500.jpeg 500w, https:\/\/residenciaslatorreta.com\/wp-content\/uploads\/2024\/09\/IMG_1815-1000x1000.jpeg 1000w\" sizes=\"auto, (max-width: 150px) 100vw, 150px\" \/> <img loading=\"lazy\" decoding=\"async\" class=\"alignnone wp-image-8431 size-thumbnail\" src=\"https:\/\/residenciaslatorreta.com\/wp-content\/uploads\/2024\/09\/IMG_1803-150x150.jpeg\" alt=\"Salida al Aeropuerto Residencia La Torreta Eixample El Prat\" width=\"150\" height=\"150\" srcset=\"https:\/\/residenciaslatorreta.com\/wp-content\/uploads\/2024\/09\/IMG_1803-150x150.jpeg 150w, https:\/\/residenciaslatorreta.com\/wp-content\/uploads\/2024\/09\/IMG_1803-570x570.jpeg 570w, https:\/\/residenciaslatorreta.com\/wp-content\/uploads\/2024\/09\/IMG_1803-500x500.jpeg 500w, https:\/\/residenciaslatorreta.com\/wp-content\/uploads\/2024\/09\/IMG_1803-1000x1000.jpeg 1000w\" sizes=\"auto, (max-width: 150px) 100vw, 150px\" \/>\u00a0<img loading=\"lazy\" decoding=\"async\" class=\"alignnone wp-image-8435 size-thumbnail\" src=\"https:\/\/residenciaslatorreta.com\/wp-content\/uploads\/2024\/09\/IMG_1811-150x150.jpeg\" alt=\"Salida al Aeropuerto Residencia La Torreta Eixample El Prat\" width=\"150\" height=\"150\" srcset=\"https:\/\/residenciaslatorreta.com\/wp-content\/uploads\/2024\/09\/IMG_1811-150x150.jpeg 150w, https:\/\/residenciaslatorreta.com\/wp-content\/uploads\/2024\/09\/IMG_1811-570x570.jpeg 570w, https:\/\/residenciaslatorreta.com\/wp-content\/uploads\/2024\/09\/IMG_1811-500x500.jpeg 500w, https:\/\/residenciaslatorreta.com\/wp-content\/uploads\/2024\/09\/IMG_1811-1000x1000.jpeg 1000w\" sizes=\"auto, (max-width: 150px) 100vw, 150px\" \/> <img loading=\"lazy\" decoding=\"async\" class=\"alignnone wp-image-8429 size-thumbnail\" src=\"https:\/\/residenciaslatorreta.com\/wp-content\/uploads\/2024\/09\/IMG_1795-150x150.jpeg\" alt=\"Salida al Aeropuerto Residencia La Torreta Eixample El Prat\" width=\"150\" height=\"150\" srcset=\"https:\/\/residenciaslatorreta.com\/wp-content\/uploads\/2024\/09\/IMG_1795-150x150.jpeg 150w, https:\/\/residenciaslatorreta.com\/wp-content\/uploads\/2024\/09\/IMG_1795-570x570.jpeg 570w, https:\/\/residenciaslatorreta.com\/wp-content\/uploads\/2024\/09\/IMG_1795-500x500.jpeg 500w, https:\/\/residenciaslatorreta.com\/wp-content\/uploads\/2024\/09\/IMG_1795-1000x1000.jpeg 1000w\" sizes=\"auto, (max-width: 150px) 100vw, 150px\" \/><\/p>\n<p>&nbsp;<\/p>\n<p>&nbsp;<\/p>\n","protected":false},"excerpt":{"rendered":"<p>Una experi\u00e8ncia d\u00b4al\u00e7ada &nbsp; Durant aquests mesos de juliol, agost i setembre hem realitzat tres sortides amb persones usu\u00e0ries del Centre de Dia i residents de La Torreta Eixample El Prat a l\u00b4aeroport Josep Tarradellas Barcelona-El Prat. Tot un honor visitar aquest aeroport que tenim&#8230;<\/p>\n","protected":false},"author":5,"featured_media":8399,"comment_status":"closed","ping_status":"open","sticky":false,"template":"","format":"standard","meta":{"footnotes":""},"categories":[9],"tags":[],"yst_prominent_words":[],"class_list":["post-8453","post","type-post","status-publish","format-standard","has-post-thumbnail","hentry","category-blog"],"_links":{"self":[{"href":"https:\/\/residenciaslatorreta.com\/ca\/wp-json\/wp\/v2\/posts\/8453","targetHints":{"allow":["GET"]}}],"collection":[{"href":"https:\/\/residenciaslatorreta.com\/ca\/wp-json\/wp\/v2\/posts"}],"about":[{"href":"https:\/\/residenciaslatorreta.com\/ca\/wp-json\/wp\/v2\/types\/post"}],"author":[{"embeddable":true,"href":"https:\/\/residenciaslatorreta.com\/ca\/wp-json\/wp\/v2\/users\/5"}],"replies":[{"embeddable":true,"href":"https:\/\/residenciaslatorreta.com\/ca\/wp-json\/wp\/v2\/comments?post=8453"}],"version-history":[{"count":10,"href":"https:\/\/residenciaslatorreta.com\/ca\/wp-json\/wp\/v2\/posts\/8453\/revisions"}],"predecessor-version":[{"id":8472,"href":"https:\/\/residenciaslatorreta.com\/ca\/wp-json\/wp\/v2\/posts\/8453\/revisions\/8472"}],"wp:featuredmedia":[{"embeddable":true,"href":"https:\/\/residenciaslatorreta.com\/ca\/wp-json\/wp\/v2\/media\/8399"}],"wp:attachment":[{"href":"https:\/\/residenciaslatorreta.com\/ca\/wp-json\/wp\/v2\/media?parent=8453"}],"wp:term":[{"taxonomy":"category","embeddable":true,"href":"https:\/\/residenciaslatorreta.com\/ca\/wp-json\/wp\/v2\/categories?post=8453"},{"taxonomy":"post_tag","embeddable":true,"href":"https:\/\/residenciaslatorreta.com\/ca\/wp-json\/wp\/v2\/tags?post=8453"},{"taxonomy":"yst_prominent_words","embeddable":true,"href":"https:\/\/residenciaslatorreta.com\/ca\/wp-json\/wp\/v2\/yst_prominent_words?post=8453"}],"curies":[{"name":"wp","href":"https:\/\/api.w.org\/{rel}","templated":true}]}}