{"id":8315,"date":"2024-06-19T00:00:56","date_gmt":"2024-06-19T00:00:56","guid":{"rendered":"https:\/\/residenciaslatorreta.com\/proyecto-intergeneracional-ada\/"},"modified":"2024-06-19T11:46:27","modified_gmt":"2024-06-19T11:46:27","slug":"proyecto-intergeneracional-ada","status":"publish","type":"post","link":"https:\/\/residenciaslatorreta.com\/ca\/proyecto-intergeneracional-ada\/","title":{"rendered":"Projecte Intergeneracional amb Ada La Torreta Eixample El Prat"},"content":{"rendered":"<h3>Amb la nostra actitud podem millorar la vida dels altres<\/h3>\n<p>&nbsp;<\/p>\n<p>La Resid\u00e8ncia <strong>La Torreta Eixample El Prat<\/strong> ha format par del programa de<strong> Servei Comunitari Intergeneracional d\u00b4<\/strong> <strong>Intervenci\u00f3 Assistida amb gossos<\/strong>\u00a0<strong>(IAG) <\/strong>de la ma de l\u00b4<strong> Associaci\u00f3 Ceniac <\/strong>amb la gossa Ada i la seva instructora la Isabel impulsat des de l\u00b4<strong>Ajuntament del Prat<\/strong>.<\/p>\n<p><strong>La IAG <\/strong>\u00e9s un m\u00e8tode d\u00b4intervenci\u00f3 que permet, a trav\u00e9s de la interacci\u00f3 dels gossos amb les persones, treballar les emocions, les relacions socials i les capacitats cognitives i f\u00edsiques. Els joves participants reben inicialment una formaci\u00f3 sobre conducta canina i comportament amb l\u00b4 animal. Aquest servei comunitari fomenta la relaci\u00f3 intergeneracional entre els joves i les persones grans a trav\u00e9s del gos que actua com element motivador.<\/p>\n<p>Objectius principals:<\/p>\n<ul>\n<li>Enfortir valors, habilitats socials i emocionals dels joves (solidaritat, empatia, toler\u00e0ncia, paci\u00e8ncia&#8230;)<\/li>\n<li>Oferir un espai l\u00fadic terap\u00e8utic a les persones grans que viuen a la resid\u00e8ncia per millorar les relacions socials entre ells i la cohesi\u00f3 grupal.<\/li>\n<\/ul>\n<p>&nbsp;<\/p>\n<p>Han participat dos grups: L\u00b4 Institut Ribera Baixa, 7 participant de Tercer de la ESO, i La UEC 8, participants entre 14 i 16 anys.<\/p>\n<p>Les sessions s\u00b4 han realitzat en el mateix espai cada setmana, amb dos grups de 6 a 8 usuaris, un per escola, i sempre amb el mateix grup\u00a0 per aconseguir crear un vincle entre els residents, l \u00b4alumnat i Ada.<\/p>\n<h5><strong>Resultats molt satisfactoris per a tots<\/strong><\/h5>\n<p><strong>Institut Ribera Baixa <\/strong>(Novembre 23-Gener 24)<\/p>\n<p>Durant deu setmanes els joves de l \u00b4Institut Ribera Baixa han realitzat activitats molt variades on es posaven en pr\u00e0ctica diferents habilitats com la cura de l \u00b4altre, la comunicaci\u00f3, l \u00b4escolta, la mem\u00f2ria, la psicomotricitat&#8230;Al final del projecte els alumnes els han regalat a cada usuari un clauer amb la seva fotografia i Ada de record.<\/p>\n<p><em>&#8220;Ho tornar\u00edem a repetir, el que m\u00e9s ens ha agradat \u00e9s poder fer-los companyia i xerrar amb les persones grans aportant-los diversi\u00f3 i trencar amb la seva rutina, a m\u00e9s d \u00b4aprendre a tractar amb Ada i dinamitzar activitats entre aquesta i la gent gran&#8221;<\/em><\/p>\n<p><strong>Uec\u00a0 <\/strong>(Febrer 24- Maig 24)<\/p>\n<p>Tamb\u00e9 durant 10 setmanes aquests\u00a0 joves de la Unitat d\u00b4Escolaritzaci\u00f3 Compartida (UEC) han estat molt pendents de les necessitats\u00a0 de les persones grans i de viure l \u00b4experi\u00e8ncia amb alegria. Gr\u00e0cies a aquesta activitat els joves de la Uec han modificat la imatge que tenien de les resid\u00e8ncies i s\u00b4han adonat de la import\u00e0ncia\u00a0 d\u00b4estar amb els seus familiars.<\/p>\n<p><em>&#8220;Pot arribar un dia que ja no estem tots junts&#8230;ens ha ajudat a desenvolupar la paci\u00e8ncia. Ens hem adonat de la fragilitat de la vida&#8221;<\/em><\/p>\n<p><em>&#8220;Potser a alguns de nosaltres ens desperti l \u00b4inter\u00e8s com a futura professi\u00f3, a alguns els pot ajudar a trobar la seva vocaci\u00f3 com pot ser tenir cura de les persones grans&#8221;<\/em><\/p>\n<p><em>&#8220;Jo tenia una imatge de les resid\u00e8ncies que deia mai voldr\u00e9 ser all\u00e0, per\u00f2 estar en una resid\u00e8ncia\u00a0 m \u00b4ha fet veure que no \u00e9s com ens pens\u00e0vem des de fora si no que ens ho hem passat b\u00e9, hem fet moltes activitats&#8221;<\/em><\/p>\n<p>Al final del projecte els han regalat un \u00e0lbum amb fotografies de les diferents sessions realitzades per guardar-lo de record.<\/p>\n<p>En tots dos grups el joves han estat molt a gust, senten que tenen el poder de millorar la vida dels altres tan sols amb la seva actitud, paci\u00e8ncia, empatia, respecte i cura de l \u00b4altre.<\/p>\n<p>Per a les persones grans el tenir contacte amb persones m\u00e9s joves \u00e9s fonamental i els dona molta vida, \u00e9s una il\u00b7lusi\u00f3 per Ada i per la joventut, \u00e9s un pack.<\/p>\n<p>Com diuen les nostres persones residents una experi\u00e8ncia de matr\u00edcula d\u00b4honor!<\/p>\n<p><img loading=\"lazy\" decoding=\"async\" class=\"alignnone wp-image-8224\" src=\"https:\/\/residenciaslatorreta.com\/wp-content\/uploads\/2024\/06\/IMG_8318-225x300.jpg\" alt=\"Proyecto Intergeneracional con Ada\" width=\"212\" height=\"283\" srcset=\"https:\/\/residenciaslatorreta.com\/wp-content\/uploads\/2024\/06\/IMG_8318-225x300.jpg 225w, https:\/\/residenciaslatorreta.com\/wp-content\/uploads\/2024\/06\/IMG_8318-768x1024.jpg 768w, https:\/\/residenciaslatorreta.com\/wp-content\/uploads\/2024\/06\/IMG_8318-1152x1536.jpg 1152w, https:\/\/residenciaslatorreta.com\/wp-content\/uploads\/2024\/06\/IMG_8318-1536x2048.jpg 1536w, https:\/\/residenciaslatorreta.com\/wp-content\/uploads\/2024\/06\/IMG_8318-600x800.jpg 600w, https:\/\/residenciaslatorreta.com\/wp-content\/uploads\/2024\/06\/IMG_8318-700x933.jpg 700w, https:\/\/residenciaslatorreta.com\/wp-content\/uploads\/2024\/06\/IMG_8318-scaled.jpg 1920w\" sizes=\"auto, (max-width: 212px) 100vw, 212px\" \/>\u00a0\u00a0<img loading=\"lazy\" decoding=\"async\" class=\"alignnone wp-image-8222\" src=\"https:\/\/residenciaslatorreta.com\/wp-content\/uploads\/2024\/06\/IMG20240109173041-225x300.jpg\" alt=\"Proyecto Intergeneracional con Ada\" width=\"211\" height=\"281\" srcset=\"https:\/\/residenciaslatorreta.com\/wp-content\/uploads\/2024\/06\/IMG20240109173041-225x300.jpg 225w, https:\/\/residenciaslatorreta.com\/wp-content\/uploads\/2024\/06\/IMG20240109173041-768x1024.jpg 768w, https:\/\/residenciaslatorreta.com\/wp-content\/uploads\/2024\/06\/IMG20240109173041-1152x1536.jpg 1152w, https:\/\/residenciaslatorreta.com\/wp-content\/uploads\/2024\/06\/IMG20240109173041-1536x2048.jpg 1536w, https:\/\/residenciaslatorreta.com\/wp-content\/uploads\/2024\/06\/IMG20240109173041-600x800.jpg 600w, https:\/\/residenciaslatorreta.com\/wp-content\/uploads\/2024\/06\/IMG20240109173041-700x933.jpg 700w, https:\/\/residenciaslatorreta.com\/wp-content\/uploads\/2024\/06\/IMG20240109173041-scaled.jpg 1920w\" sizes=\"auto, (max-width: 211px) 100vw, 211px\" \/> <img loading=\"lazy\" decoding=\"async\" class=\"alignnone wp-image-8232\" src=\"https:\/\/residenciaslatorreta.com\/wp-content\/uploads\/2024\/06\/IMG_7308-225x300.jpg\" alt=\"Proyecto Intergeneracional con Ada\" width=\"210\" height=\"280\" srcset=\"https:\/\/residenciaslatorreta.com\/wp-content\/uploads\/2024\/06\/IMG_7308-225x300.jpg 225w, https:\/\/residenciaslatorreta.com\/wp-content\/uploads\/2024\/06\/IMG_7308-768x1024.jpg 768w, https:\/\/residenciaslatorreta.com\/wp-content\/uploads\/2024\/06\/IMG_7308-1152x1536.jpg 1152w, https:\/\/residenciaslatorreta.com\/wp-content\/uploads\/2024\/06\/IMG_7308-1536x2048.jpg 1536w, https:\/\/residenciaslatorreta.com\/wp-content\/uploads\/2024\/06\/IMG_7308-600x800.jpg 600w, https:\/\/residenciaslatorreta.com\/wp-content\/uploads\/2024\/06\/IMG_7308-700x933.jpg 700w, https:\/\/residenciaslatorreta.com\/wp-content\/uploads\/2024\/06\/IMG_7308-scaled.jpg 1920w\" sizes=\"auto, (max-width: 210px) 100vw, 210px\" \/> <img loading=\"lazy\" decoding=\"async\" class=\"alignnone wp-image-8234\" src=\"https:\/\/residenciaslatorreta.com\/wp-content\/uploads\/2024\/06\/IMG_7285-225x300.jpg\" alt=\"Proyecto Intergeneracional con Ada\" width=\"211\" height=\"282\" srcset=\"https:\/\/residenciaslatorreta.com\/wp-content\/uploads\/2024\/06\/IMG_7285-225x300.jpg 225w, https:\/\/residenciaslatorreta.com\/wp-content\/uploads\/2024\/06\/IMG_7285-768x1024.jpg 768w, https:\/\/residenciaslatorreta.com\/wp-content\/uploads\/2024\/06\/IMG_7285-1152x1536.jpg 1152w, https:\/\/residenciaslatorreta.com\/wp-content\/uploads\/2024\/06\/IMG_7285-1536x2048.jpg 1536w, https:\/\/residenciaslatorreta.com\/wp-content\/uploads\/2024\/06\/IMG_7285-600x800.jpg 600w, https:\/\/residenciaslatorreta.com\/wp-content\/uploads\/2024\/06\/IMG_7285-700x933.jpg 700w, https:\/\/residenciaslatorreta.com\/wp-content\/uploads\/2024\/06\/IMG_7285-scaled.jpg 1920w\" sizes=\"auto, (max-width: 211px) 100vw, 211px\" \/> <img loading=\"lazy\" decoding=\"async\" class=\"alignnone wp-image-8236\" src=\"https:\/\/residenciaslatorreta.com\/wp-content\/uploads\/2024\/06\/IMG_8355-225x300.jpg\" alt=\"Proyecto Intergeneracional con Ada\" width=\"214\" height=\"285\" srcset=\"https:\/\/residenciaslatorreta.com\/wp-content\/uploads\/2024\/06\/IMG_8355-225x300.jpg 225w, https:\/\/residenciaslatorreta.com\/wp-content\/uploads\/2024\/06\/IMG_8355-768x1024.jpg 768w, https:\/\/residenciaslatorreta.com\/wp-content\/uploads\/2024\/06\/IMG_8355-1152x1536.jpg 1152w, https:\/\/residenciaslatorreta.com\/wp-content\/uploads\/2024\/06\/IMG_8355-1536x2048.jpg 1536w, https:\/\/residenciaslatorreta.com\/wp-content\/uploads\/2024\/06\/IMG_8355-600x800.jpg 600w, https:\/\/residenciaslatorreta.com\/wp-content\/uploads\/2024\/06\/IMG_8355-700x933.jpg 700w, https:\/\/residenciaslatorreta.com\/wp-content\/uploads\/2024\/06\/IMG_8355-scaled.jpg 1920w\" sizes=\"auto, (max-width: 214px) 100vw, 214px\" \/> <img loading=\"lazy\" decoding=\"async\" class=\"alignnone wp-image-8244\" src=\"https:\/\/residenciaslatorreta.com\/wp-content\/uploads\/2024\/06\/IMG20240109174410-225x300.jpg\" alt=\"Proyecto Intergeneracional con Ada\" width=\"214\" height=\"286\" srcset=\"https:\/\/residenciaslatorreta.com\/wp-content\/uploads\/2024\/06\/IMG20240109174410-225x300.jpg 225w, https:\/\/residenciaslatorreta.com\/wp-content\/uploads\/2024\/06\/IMG20240109174410-768x1024.jpg 768w, https:\/\/residenciaslatorreta.com\/wp-content\/uploads\/2024\/06\/IMG20240109174410-1152x1536.jpg 1152w, https:\/\/residenciaslatorreta.com\/wp-content\/uploads\/2024\/06\/IMG20240109174410-1536x2048.jpg 1536w, https:\/\/residenciaslatorreta.com\/wp-content\/uploads\/2024\/06\/IMG20240109174410-600x800.jpg 600w, https:\/\/residenciaslatorreta.com\/wp-content\/uploads\/2024\/06\/IMG20240109174410-700x933.jpg 700w, https:\/\/residenciaslatorreta.com\/wp-content\/uploads\/2024\/06\/IMG20240109174410-scaled.jpg 1920w\" sizes=\"auto, (max-width: 214px) 100vw, 214px\" \/>\u00a0<img loading=\"lazy\" decoding=\"async\" class=\"alignnone wp-image-8242\" src=\"https:\/\/residenciaslatorreta.com\/wp-content\/uploads\/2024\/06\/IMG_8379-225x300.jpg\" alt=\"Proyecto Intergeneracional con Ada\" width=\"214\" height=\"286\" srcset=\"https:\/\/residenciaslatorreta.com\/wp-content\/uploads\/2024\/06\/IMG_8379-225x300.jpg 225w, https:\/\/residenciaslatorreta.com\/wp-content\/uploads\/2024\/06\/IMG_8379-768x1024.jpg 768w, https:\/\/residenciaslatorreta.com\/wp-content\/uploads\/2024\/06\/IMG_8379-1152x1536.jpg 1152w, https:\/\/residenciaslatorreta.com\/wp-content\/uploads\/2024\/06\/IMG_8379-1536x2048.jpg 1536w, https:\/\/residenciaslatorreta.com\/wp-content\/uploads\/2024\/06\/IMG_8379-600x800.jpg 600w, https:\/\/residenciaslatorreta.com\/wp-content\/uploads\/2024\/06\/IMG_8379-700x933.jpg 700w, https:\/\/residenciaslatorreta.com\/wp-content\/uploads\/2024\/06\/IMG_8379-scaled.jpg 1920w\" sizes=\"auto, (max-width: 214px) 100vw, 214px\" \/> <img loading=\"lazy\" decoding=\"async\" class=\"alignnone wp-image-8276\" src=\"https:\/\/residenciaslatorreta.com\/wp-content\/uploads\/2024\/06\/IMG_5531-2-225x300.jpg\" alt=\"Proyecto Intergeneracional con Ada\" width=\"213\" height=\"284\" srcset=\"https:\/\/residenciaslatorreta.com\/wp-content\/uploads\/2024\/06\/IMG_5531-2-225x300.jpg 225w, https:\/\/residenciaslatorreta.com\/wp-content\/uploads\/2024\/06\/IMG_5531-2-768x1024.jpg 768w, https:\/\/residenciaslatorreta.com\/wp-content\/uploads\/2024\/06\/IMG_5531-2-1152x1536.jpg 1152w, https:\/\/residenciaslatorreta.com\/wp-content\/uploads\/2024\/06\/IMG_5531-2-1536x2048.jpg 1536w, https:\/\/residenciaslatorreta.com\/wp-content\/uploads\/2024\/06\/IMG_5531-2-600x800.jpg 600w, https:\/\/residenciaslatorreta.com\/wp-content\/uploads\/2024\/06\/IMG_5531-2-700x933.jpg 700w, https:\/\/residenciaslatorreta.com\/wp-content\/uploads\/2024\/06\/IMG_5531-2-scaled.jpg 1920w\" sizes=\"auto, (max-width: 213px) 100vw, 213px\" \/>\u00a0<img loading=\"lazy\" decoding=\"async\" class=\"alignnone wp-image-8252\" src=\"https:\/\/residenciaslatorreta.com\/wp-content\/uploads\/2024\/06\/IMG_8999-225x300.jpg\" alt=\"Proyecto Intergeneracional con Ada\" width=\"212\" height=\"283\" srcset=\"https:\/\/residenciaslatorreta.com\/wp-content\/uploads\/2024\/06\/IMG_8999-225x300.jpg 225w, https:\/\/residenciaslatorreta.com\/wp-content\/uploads\/2024\/06\/IMG_8999-768x1024.jpg 768w, https:\/\/residenciaslatorreta.com\/wp-content\/uploads\/2024\/06\/IMG_8999-1152x1536.jpg 1152w, https:\/\/residenciaslatorreta.com\/wp-content\/uploads\/2024\/06\/IMG_8999-1536x2048.jpg 1536w, https:\/\/residenciaslatorreta.com\/wp-content\/uploads\/2024\/06\/IMG_8999-600x800.jpg 600w, https:\/\/residenciaslatorreta.com\/wp-content\/uploads\/2024\/06\/IMG_8999-700x933.jpg 700w, https:\/\/residenciaslatorreta.com\/wp-content\/uploads\/2024\/06\/IMG_8999-scaled.jpg 1920w\" sizes=\"auto, (max-width: 212px) 100vw, 212px\" \/> <img loading=\"lazy\" decoding=\"async\" class=\"alignnone wp-image-8250\" src=\"https:\/\/residenciaslatorreta.com\/wp-content\/uploads\/2024\/06\/IMG_8993-300x225.jpg\" alt=\"Proyecto Intergeneracional con Ada\" width=\"375\" height=\"282\" srcset=\"https:\/\/residenciaslatorreta.com\/wp-content\/uploads\/2024\/06\/IMG_8993-300x225.jpg 300w, https:\/\/residenciaslatorreta.com\/wp-content\/uploads\/2024\/06\/IMG_8993-1024x768.jpg 1024w, https:\/\/residenciaslatorreta.com\/wp-content\/uploads\/2024\/06\/IMG_8993-768x576.jpg 768w, https:\/\/residenciaslatorreta.com\/wp-content\/uploads\/2024\/06\/IMG_8993-1536x1152.jpg 1536w, https:\/\/residenciaslatorreta.com\/wp-content\/uploads\/2024\/06\/IMG_8993-2048x1536.jpg 2048w, https:\/\/residenciaslatorreta.com\/wp-content\/uploads\/2024\/06\/IMG_8993-800x600.jpg 800w, https:\/\/residenciaslatorreta.com\/wp-content\/uploads\/2024\/06\/IMG_8993-700x525.jpg 700w\" sizes=\"auto, (max-width: 375px) 100vw, 375px\" \/> <img loading=\"lazy\" decoding=\"async\" class=\"alignnone wp-image-8258\" src=\"https:\/\/residenciaslatorreta.com\/wp-content\/uploads\/2024\/06\/Diseno-sin-titulo-1-300x240.jpg\" alt=\"Proyecto Intergeneracional con Ada\" width=\"352\" height=\"281\" srcset=\"https:\/\/residenciaslatorreta.com\/wp-content\/uploads\/2024\/06\/Diseno-sin-titulo-1-300x240.jpg 300w, https:\/\/residenciaslatorreta.com\/wp-content\/uploads\/2024\/06\/Diseno-sin-titulo-1-1024x819.jpg 1024w, https:\/\/residenciaslatorreta.com\/wp-content\/uploads\/2024\/06\/Diseno-sin-titulo-1-768x614.jpg 768w, https:\/\/residenciaslatorreta.com\/wp-content\/uploads\/2024\/06\/Diseno-sin-titulo-1-1536x1229.jpg 1536w, https:\/\/residenciaslatorreta.com\/wp-content\/uploads\/2024\/06\/Diseno-sin-titulo-1-700x560.jpg 700w, https:\/\/residenciaslatorreta.com\/wp-content\/uploads\/2024\/06\/Diseno-sin-titulo-1.jpg 2000w\" sizes=\"auto, (max-width: 352px) 100vw, 352px\" \/>\u00a0<img loading=\"lazy\" decoding=\"async\" class=\"alignnone wp-image-8261\" src=\"https:\/\/residenciaslatorreta.com\/wp-content\/uploads\/2024\/06\/IMG_7321-225x300.jpg\" alt=\"Proyecto Intergeneracional con Ada\" width=\"212\" height=\"283\" srcset=\"https:\/\/residenciaslatorreta.com\/wp-content\/uploads\/2024\/06\/IMG_7321-225x300.jpg 225w, https:\/\/residenciaslatorreta.com\/wp-content\/uploads\/2024\/06\/IMG_7321-768x1024.jpg 768w, https:\/\/residenciaslatorreta.com\/wp-content\/uploads\/2024\/06\/IMG_7321-1152x1536.jpg 1152w, https:\/\/residenciaslatorreta.com\/wp-content\/uploads\/2024\/06\/IMG_7321-1536x2048.jpg 1536w, https:\/\/residenciaslatorreta.com\/wp-content\/uploads\/2024\/06\/IMG_7321-600x800.jpg 600w, https:\/\/residenciaslatorreta.com\/wp-content\/uploads\/2024\/06\/IMG_7321-700x933.jpg 700w, https:\/\/residenciaslatorreta.com\/wp-content\/uploads\/2024\/06\/IMG_7321-scaled.jpg 1920w\" sizes=\"auto, (max-width: 212px) 100vw, 212px\" \/> <img loading=\"lazy\" decoding=\"async\" class=\"alignnone wp-image-8265\" src=\"https:\/\/residenciaslatorreta.com\/wp-content\/uploads\/2024\/06\/PHOTO-2024-04-16-12-26-29-169x300.jpg\" alt=\"Proyecto Intergeneracional con Ada\" width=\"159\" height=\"282\" srcset=\"https:\/\/residenciaslatorreta.com\/wp-content\/uploads\/2024\/06\/PHOTO-2024-04-16-12-26-29-169x300.jpg 169w, https:\/\/residenciaslatorreta.com\/wp-content\/uploads\/2024\/06\/PHOTO-2024-04-16-12-26-29-576x1024.jpg 576w, https:\/\/residenciaslatorreta.com\/wp-content\/uploads\/2024\/06\/PHOTO-2024-04-16-12-26-29-768x1365.jpg 768w, https:\/\/residenciaslatorreta.com\/wp-content\/uploads\/2024\/06\/PHOTO-2024-04-16-12-26-29-864x1536.jpg 864w, https:\/\/residenciaslatorreta.com\/wp-content\/uploads\/2024\/06\/PHOTO-2024-04-16-12-26-29-700x1244.jpg 700w, https:\/\/residenciaslatorreta.com\/wp-content\/uploads\/2024\/06\/PHOTO-2024-04-16-12-26-29.jpg 1152w\" sizes=\"auto, (max-width: 159px) 100vw, 159px\" \/> <img loading=\"lazy\" decoding=\"async\" class=\"alignnone wp-image-8267\" src=\"https:\/\/residenciaslatorreta.com\/wp-content\/uploads\/2024\/06\/IMG20240109173353-225x300.jpg\" alt=\"Proyecto Intergeneracional con Ada\" width=\"212\" height=\"283\" srcset=\"https:\/\/residenciaslatorreta.com\/wp-content\/uploads\/2024\/06\/IMG20240109173353-225x300.jpg 225w, https:\/\/residenciaslatorreta.com\/wp-content\/uploads\/2024\/06\/IMG20240109173353-768x1024.jpg 768w, https:\/\/residenciaslatorreta.com\/wp-content\/uploads\/2024\/06\/IMG20240109173353-1152x1536.jpg 1152w, https:\/\/residenciaslatorreta.com\/wp-content\/uploads\/2024\/06\/IMG20240109173353-1536x2048.jpg 1536w, https:\/\/residenciaslatorreta.com\/wp-content\/uploads\/2024\/06\/IMG20240109173353-600x800.jpg 600w, https:\/\/residenciaslatorreta.com\/wp-content\/uploads\/2024\/06\/IMG20240109173353-700x933.jpg 700w, https:\/\/residenciaslatorreta.com\/wp-content\/uploads\/2024\/06\/IMG20240109173353-scaled.jpg 1920w\" sizes=\"auto, (max-width: 212px) 100vw, 212px\" \/> <img loading=\"lazy\" decoding=\"async\" class=\"alignnone wp-image-8294\" src=\"https:\/\/residenciaslatorreta.com\/wp-content\/uploads\/2024\/06\/IMG_2592-169x300.jpg\" alt=\"Proyecto Intergeneracional con Ada\" width=\"158\" height=\"280\" srcset=\"https:\/\/residenciaslatorreta.com\/wp-content\/uploads\/2024\/06\/IMG_2592-169x300.jpg 169w, https:\/\/residenciaslatorreta.com\/wp-content\/uploads\/2024\/06\/IMG_2592-575x1024.jpg 575w, https:\/\/residenciaslatorreta.com\/wp-content\/uploads\/2024\/06\/IMG_2592-768x1367.jpg 768w, https:\/\/residenciaslatorreta.com\/wp-content\/uploads\/2024\/06\/IMG_2592-863x1536.jpg 863w, https:\/\/residenciaslatorreta.com\/wp-content\/uploads\/2024\/06\/IMG_2592-1151x2048.jpg 1151w, https:\/\/residenciaslatorreta.com\/wp-content\/uploads\/2024\/06\/IMG_2592-700x1246.jpg 700w, https:\/\/residenciaslatorreta.com\/wp-content\/uploads\/2024\/06\/IMG_2592-scaled.jpg 1438w\" sizes=\"auto, (max-width: 158px) 100vw, 158px\" \/>\u00a0<img loading=\"lazy\" decoding=\"async\" class=\"alignnone wp-image-8278\" src=\"https:\/\/residenciaslatorreta.com\/wp-content\/uploads\/2024\/06\/IMG_7342-300x225.jpg\" alt=\"Proyecto Intergeneracional con Ada\" width=\"372\" height=\"279\" srcset=\"https:\/\/residenciaslatorreta.com\/wp-content\/uploads\/2024\/06\/IMG_7342-300x225.jpg 300w, https:\/\/residenciaslatorreta.com\/wp-content\/uploads\/2024\/06\/IMG_7342-1024x768.jpg 1024w, https:\/\/residenciaslatorreta.com\/wp-content\/uploads\/2024\/06\/IMG_7342-768x576.jpg 768w, https:\/\/residenciaslatorreta.com\/wp-content\/uploads\/2024\/06\/IMG_7342-1536x1152.jpg 1536w, https:\/\/residenciaslatorreta.com\/wp-content\/uploads\/2024\/06\/IMG_7342-2048x1536.jpg 2048w, https:\/\/residenciaslatorreta.com\/wp-content\/uploads\/2024\/06\/IMG_7342-800x600.jpg 800w, https:\/\/residenciaslatorreta.com\/wp-content\/uploads\/2024\/06\/IMG_7342-700x525.jpg 700w\" sizes=\"auto, (max-width: 372px) 100vw, 372px\" \/> <img loading=\"lazy\" decoding=\"async\" class=\"alignnone wp-image-8280\" src=\"https:\/\/residenciaslatorreta.com\/wp-content\/uploads\/2024\/06\/IMG_7313-300x225.jpg\" alt=\"Proyecto Intergeneracional con Ada\" width=\"374\" height=\"280\" srcset=\"https:\/\/residenciaslatorreta.com\/wp-content\/uploads\/2024\/06\/IMG_7313-300x225.jpg 300w, https:\/\/residenciaslatorreta.com\/wp-content\/uploads\/2024\/06\/IMG_7313-1024x768.jpg 1024w, https:\/\/residenciaslatorreta.com\/wp-content\/uploads\/2024\/06\/IMG_7313-768x576.jpg 768w, https:\/\/residenciaslatorreta.com\/wp-content\/uploads\/2024\/06\/IMG_7313-1536x1152.jpg 1536w, https:\/\/residenciaslatorreta.com\/wp-content\/uploads\/2024\/06\/IMG_7313-2048x1536.jpg 2048w, https:\/\/residenciaslatorreta.com\/wp-content\/uploads\/2024\/06\/IMG_7313-800x600.jpg 800w, https:\/\/residenciaslatorreta.com\/wp-content\/uploads\/2024\/06\/IMG_7313-700x525.jpg 700w\" sizes=\"auto, (max-width: 374px) 100vw, 374px\" \/> <img loading=\"lazy\" decoding=\"async\" class=\"alignnone wp-image-8269\" src=\"https:\/\/residenciaslatorreta.com\/wp-content\/uploads\/2024\/06\/IMG_7332-225x300.jpg\" alt=\"Proyecto Intergeneracional con Ada\" width=\"212\" height=\"283\" srcset=\"https:\/\/residenciaslatorreta.com\/wp-content\/uploads\/2024\/06\/IMG_7332-225x300.jpg 225w, https:\/\/residenciaslatorreta.com\/wp-content\/uploads\/2024\/06\/IMG_7332-768x1024.jpg 768w, https:\/\/residenciaslatorreta.com\/wp-content\/uploads\/2024\/06\/IMG_7332-1152x1536.jpg 1152w, https:\/\/residenciaslatorreta.com\/wp-content\/uploads\/2024\/06\/IMG_7332-1536x2048.jpg 1536w, https:\/\/residenciaslatorreta.com\/wp-content\/uploads\/2024\/06\/IMG_7332-600x800.jpg 600w, https:\/\/residenciaslatorreta.com\/wp-content\/uploads\/2024\/06\/IMG_7332-700x933.jpg 700w, https:\/\/residenciaslatorreta.com\/wp-content\/uploads\/2024\/06\/IMG_7332-scaled.jpg 1920w\" sizes=\"auto, (max-width: 212px) 100vw, 212px\" \/> <img loading=\"lazy\" decoding=\"async\" class=\"alignnone wp-image-8271\" src=\"https:\/\/residenciaslatorreta.com\/wp-content\/uploads\/2024\/06\/IMG_7317-225x300.jpg\" alt=\"Proyecto Intergeneracional con Ada\" width=\"212\" height=\"283\" srcset=\"https:\/\/residenciaslatorreta.com\/wp-content\/uploads\/2024\/06\/IMG_7317-225x300.jpg 225w, https:\/\/residenciaslatorreta.com\/wp-content\/uploads\/2024\/06\/IMG_7317-768x1024.jpg 768w, https:\/\/residenciaslatorreta.com\/wp-content\/uploads\/2024\/06\/IMG_7317-1152x1536.jpg 1152w, https:\/\/residenciaslatorreta.com\/wp-content\/uploads\/2024\/06\/IMG_7317-1536x2048.jpg 1536w, https:\/\/residenciaslatorreta.com\/wp-content\/uploads\/2024\/06\/IMG_7317-600x800.jpg 600w, https:\/\/residenciaslatorreta.com\/wp-content\/uploads\/2024\/06\/IMG_7317-700x933.jpg 700w, https:\/\/residenciaslatorreta.com\/wp-content\/uploads\/2024\/06\/IMG_7317-scaled.jpg 1920w\" sizes=\"auto, (max-width: 212px) 100vw, 212px\" \/> <img loading=\"lazy\" decoding=\"async\" class=\"alignnone wp-image-8273 size-medium\" src=\"https:\/\/residenciaslatorreta.com\/wp-content\/uploads\/2024\/06\/IMG_7340-300x225.jpg\" alt=\"Proyecto Intergeneracional con Ada\" width=\"300\" height=\"225\" srcset=\"https:\/\/residenciaslatorreta.com\/wp-content\/uploads\/2024\/06\/IMG_7340-300x225.jpg 300w, https:\/\/residenciaslatorreta.com\/wp-content\/uploads\/2024\/06\/IMG_7340-1024x768.jpg 1024w, https:\/\/residenciaslatorreta.com\/wp-content\/uploads\/2024\/06\/IMG_7340-768x576.jpg 768w, https:\/\/residenciaslatorreta.com\/wp-content\/uploads\/2024\/06\/IMG_7340-1536x1152.jpg 1536w, https:\/\/residenciaslatorreta.com\/wp-content\/uploads\/2024\/06\/IMG_7340-2048x1536.jpg 2048w, https:\/\/residenciaslatorreta.com\/wp-content\/uploads\/2024\/06\/IMG_7340-800x600.jpg 800w, https:\/\/residenciaslatorreta.com\/wp-content\/uploads\/2024\/06\/IMG_7340-700x525.jpg 700w\" sizes=\"auto, (max-width: 300px) 100vw, 300px\" \/><\/p>\n","protected":false},"excerpt":{"rendered":"<p>Amb la nostra actitud podem millorar la vida dels altres &nbsp; La Resid\u00e8ncia La Torreta Eixample El Prat ha format par del programa de Servei Comunitari Intergeneracional d\u00b4 Intervenci\u00f3 Assistida amb gossos\u00a0(IAG) de la ma de l\u00b4 Associaci\u00f3 Ceniac amb la gossa Ada i la&#8230;<\/p>\n","protected":false},"author":5,"featured_media":8287,"comment_status":"closed","ping_status":"open","sticky":false,"template":"","format":"standard","meta":{"footnotes":""},"categories":[30],"tags":[],"yst_prominent_words":[],"class_list":["post-8315","post","type-post","status-publish","format-standard","has-post-thumbnail","hentry","category-actualidad-ca"],"_links":{"self":[{"href":"https:\/\/residenciaslatorreta.com\/ca\/wp-json\/wp\/v2\/posts\/8315","targetHints":{"allow":["GET"]}}],"collection":[{"href":"https:\/\/residenciaslatorreta.com\/ca\/wp-json\/wp\/v2\/posts"}],"about":[{"href":"https:\/\/residenciaslatorreta.com\/ca\/wp-json\/wp\/v2\/types\/post"}],"author":[{"embeddable":true,"href":"https:\/\/residenciaslatorreta.com\/ca\/wp-json\/wp\/v2\/users\/5"}],"replies":[{"embeddable":true,"href":"https:\/\/residenciaslatorreta.com\/ca\/wp-json\/wp\/v2\/comments?post=8315"}],"version-history":[{"count":13,"href":"https:\/\/residenciaslatorreta.com\/ca\/wp-json\/wp\/v2\/posts\/8315\/revisions"}],"predecessor-version":[{"id":8338,"href":"https:\/\/residenciaslatorreta.com\/ca\/wp-json\/wp\/v2\/posts\/8315\/revisions\/8338"}],"wp:featuredmedia":[{"embeddable":true,"href":"https:\/\/residenciaslatorreta.com\/ca\/wp-json\/wp\/v2\/media\/8287"}],"wp:attachment":[{"href":"https:\/\/residenciaslatorreta.com\/ca\/wp-json\/wp\/v2\/media?parent=8315"}],"wp:term":[{"taxonomy":"category","embeddable":true,"href":"https:\/\/residenciaslatorreta.com\/ca\/wp-json\/wp\/v2\/categories?post=8315"},{"taxonomy":"post_tag","embeddable":true,"href":"https:\/\/residenciaslatorreta.com\/ca\/wp-json\/wp\/v2\/tags?post=8315"},{"taxonomy":"yst_prominent_words","embeddable":true,"href":"https:\/\/residenciaslatorreta.com\/ca\/wp-json\/wp\/v2\/yst_prominent_words?post=8315"}],"curies":[{"name":"wp","href":"https:\/\/api.w.org\/{rel}","templated":true}]}}