{"id":6283,"date":"2023-08-31T00:00:16","date_gmt":"2023-08-31T00:00:16","guid":{"rendered":"https:\/\/residenciaslatorreta.com\/actividades-verano-residencias-la-torreta\/"},"modified":"2023-09-15T08:13:43","modified_gmt":"2023-09-15T08:13:43","slug":"actividades-de-verano","status":"publish","type":"post","link":"https:\/\/residenciaslatorreta.com\/ca\/actividades-de-verano\/","title":{"rendered":"Actitats d\u00b4estiu a Resid\u00e8ncias La Torreta"},"content":{"rendered":"<h3>Moments per gaudir i fer activitats a l \u00b4aire lliure<\/h3>\n<p>&nbsp;<\/p>\n<p>Estem acabant l \u00b4estiu, una estaci\u00f3 que ens permet gaudir dels nostres espais interiors i exteriors i socialitzar-nos al relacionar-nos en espais diferents amb els nostres companys i companyes dels nostres centres de <strong>Resid\u00e8ncies La Torreta<\/strong> a la prov\u00edncia de <strong>Barcelona<\/strong> al<strong> Prat de Llobregat, Corbera i Piera.<\/strong><\/p>\n<p>A qualsevol edat es bo <strong>mantenir-nos actius<\/strong> ja que <strong>millora la nostra qualitat de vida<\/strong>, <strong>descansem millor<\/strong> i <strong>enfortim la nostra autoestima. <\/strong>Als nostres centres ajustem el nostre <strong>programa d\u00b4activitats<\/strong> a les oportunitats que ens ofereix aquesta estaci\u00f3 de l \u00b4any i les nostres persones usu\u00e0ries ho agraeixen perqu\u00e8 canvien durant uns mesos la seva rutina.<\/p>\n<h5>Us deixem algunes de les activitats que hem fet aquest estiu!<\/h5>\n<p><strong>Sortides a la platja<\/strong><\/p>\n<p>A <strong>La Torreta Eixample El Prat <\/strong>hem continuat amb les nostres sortides, que vam iniciar amb els usuaris\/es del Centre de Dia i ja vam fer a finals de primavera a <strong>La Torreta de Corbera<\/strong>, aquest cop amb les persones residents de les tres plantes d\u00b4Eixample que han pogut\u00a0 gaudir de la brisa del mar i fins i tot alguns\/es m\u00e9s atrevits\/es\u00a0 d\u00b4un refrescant bany!<\/p>\n<p><img loading=\"lazy\" decoding=\"async\" class=\"alignnone wp-image-6289 size-medium\" src=\"https:\/\/residenciaslatorreta.com\/wp-content\/uploads\/2023\/08\/IMG_4966-2-300x177.jpg\" alt=\"Salida a la Playa La Torreta Eixample El Prat\" width=\"300\" height=\"177\" \/> <img loading=\"lazy\" decoding=\"async\" class=\"alignnone wp-image-6291\" src=\"https:\/\/residenciaslatorreta.com\/wp-content\/uploads\/2023\/08\/PHOTO-2023-07-05-11-21-56-300x225.jpg\" alt=\"Salida a la Playa La Torreta Eixample El Prat\" width=\"236\" height=\"177\" \/> <img loading=\"lazy\" decoding=\"async\" class=\"alignnone wp-image-6294\" src=\"https:\/\/residenciaslatorreta.com\/wp-content\/uploads\/2023\/08\/PHOTO-2023-07-12-16-30-52-300x225.jpg\" alt=\"Salida a la Playa La Torreta Eixample El Prat\" width=\"233\" height=\"175\" \/> <img loading=\"lazy\" decoding=\"async\" class=\"alignnone wp-image-6296\" src=\"https:\/\/residenciaslatorreta.com\/wp-content\/uploads\/2023\/08\/PHOTO-2023-07-12-16-30-52-copia-2-225x300.jpg\" alt=\"Salida a la Playa La Torreta Eixample El Prat\" width=\"173\" height=\"231\" \/> <img loading=\"lazy\" decoding=\"async\" class=\"alignnone wp-image-6298\" src=\"https:\/\/residenciaslatorreta.com\/wp-content\/uploads\/2023\/08\/PHOTO-2023-07-13-09-25-35-225x300.jpg\" alt=\"Salida a la Playa La Torreta Eixample El Prat\" width=\"174\" height=\"232\" \/> <img loading=\"lazy\" decoding=\"async\" class=\"alignnone wp-image-6300\" src=\"https:\/\/residenciaslatorreta.com\/wp-content\/uploads\/2023\/08\/PHOTO-2023-07-05-11-28-00-300x225.jpg\" alt=\"Salida a la Playa La Torreta Eixample El Prat\" width=\"308\" height=\"231\" \/> <img loading=\"lazy\" decoding=\"async\" class=\"alignnone wp-image-6304 size-medium\" src=\"https:\/\/residenciaslatorreta.com\/wp-content\/uploads\/2023\/08\/PHOTO-2023-07-12-15-14-24-300x225.jpg\" alt=\"Salida a la Playa La Torreta Eixample El Prat\" width=\"300\" height=\"225\" \/> <img loading=\"lazy\" decoding=\"async\" class=\"alignnone wp-image-6306\" src=\"https:\/\/residenciaslatorreta.com\/wp-content\/uploads\/2023\/08\/PHOTO-2023-07-27-18-35-58-3-169x300.jpg\" alt=\"Salida a la Playa La Torreta Eixample El Prat\" width=\"127\" height=\"225\" \/> <img loading=\"lazy\" decoding=\"async\" class=\"alignnone wp-image-6308 size-medium\" src=\"https:\/\/residenciaslatorreta.com\/wp-content\/uploads\/2023\/08\/PHOTO-2023-07-28-08-53-45-2-300x225.jpg\" alt=\"Salida a la Playa La Torreta Eixample El Prat\" width=\"300\" height=\"225\" \/><\/p>\n<p><strong>Celebrem el dia del avi\/a als nostres centres<\/strong><\/p>\n<p>El passat 26 de juliol vam celebrar el dia del avi\/a amb diferents activitats a l\u00b4aire lliure, tert\u00falies, berenars i fins i tot un collage de fotos. Per la seva experi\u00e8ncia i consell sobre la vida i el seu amor incondicional, els agra\u00efm tot en aquesta data tant especial!<\/p>\n<p><img loading=\"lazy\" decoding=\"async\" class=\"alignnone wp-image-6313\" src=\"https:\/\/residenciaslatorreta.com\/wp-content\/uploads\/2023\/08\/IMG_5634-300x225.jpg\" alt=\"D\u00eda del abuelo Residencias La Torreta\" width=\"301\" height=\"226\" \/> <img loading=\"lazy\" decoding=\"async\" class=\"alignnone wp-image-6317 size-medium\" src=\"https:\/\/residenciaslatorreta.com\/wp-content\/uploads\/2023\/08\/IMG_5632-300x225.jpg\" alt=\"D\u00eda del abuelo Residencias La Torreta\" width=\"300\" height=\"225\" \/>\u00a0 <img loading=\"lazy\" decoding=\"async\" class=\"alignnone wp-image-6430 size-medium\" src=\"https:\/\/residenciaslatorreta.com\/wp-content\/uploads\/2023\/08\/IMG_5614-300x225.jpg\" alt=\"D\u00eda del abuelo Residencias La Torreta\" width=\"300\" height=\"225\" \/> \u00a0<img loading=\"lazy\" decoding=\"async\" class=\"alignnone wp-image-6322 size-medium\" src=\"https:\/\/residenciaslatorreta.com\/wp-content\/uploads\/2023\/08\/26f871f0-3676-432b-81a1-be0dd90ce2a8-2-300x225.jpg\" alt=\"D\u00eda del abuelo Residencias La Torreta\" width=\"300\" height=\"225\" \/> <img loading=\"lazy\" decoding=\"async\" class=\"alignnone wp-image-6324 size-medium\" src=\"https:\/\/residenciaslatorreta.com\/wp-content\/uploads\/2023\/08\/65646d66-fdb3-498a-9a90-d1be1886cb65-300x225.jpg\" alt=\"D\u00eda del abuelo Residencias La Torreta\" width=\"300\" height=\"225\" \/> <img loading=\"lazy\" decoding=\"async\" class=\"alignnone wp-image-6326\" src=\"https:\/\/residenciaslatorreta.com\/wp-content\/uploads\/2023\/08\/PHOTO-2023-07-26-18-33-02-225x300.jpg\" alt=\"D\u00eda del abuelo Residencias La Torreta\" width=\"169\" height=\"225\" \/> <img loading=\"lazy\" decoding=\"async\" class=\"alignnone wp-image-6328\" src=\"https:\/\/residenciaslatorreta.com\/wp-content\/uploads\/2023\/08\/PHOTO-2023-07-26-18-33-01-225x300.jpg\" alt=\"D\u00eda del abuelo Residencias La Torreta\" width=\"169\" height=\"225\" \/> <img loading=\"lazy\" decoding=\"async\" class=\"alignnone wp-image-6330 size-medium\" src=\"https:\/\/residenciaslatorreta.com\/wp-content\/uploads\/2023\/08\/PHOTO-2023-07-26-18-33-04-225x300.jpg\" alt=\"D\u00eda del abuelo Residencias La Torreta\" width=\"225\" height=\"300\" \/> <img loading=\"lazy\" decoding=\"async\" class=\"alignnone wp-image-6332 size-medium\" src=\"https:\/\/residenciaslatorreta.com\/wp-content\/uploads\/2023\/08\/01_plantillas_post-225x300.jpg\" alt=\"D\u00eda del abuelo Residencias La Torreta\" width=\"225\" height=\"300\" \/> <img loading=\"lazy\" decoding=\"async\" class=\"alignnone wp-image-6319\" src=\"https:\/\/residenciaslatorreta.com\/wp-content\/uploads\/2023\/08\/PHOTO-2023-07-26-09-54-01-169x300.jpg\" alt=\"D\u00eda del abuelo Residencias La Torreta\" width=\"167\" height=\"296\" \/><\/p>\n<p><strong>Gerorgym\u00a0 i activitats a l\u00b4 aire lliure<\/strong><\/p>\n<p>A m\u00e9s a m\u00e9s de les nostres classes de gimn\u00e0stica a l \u00b4interior, quan la temperatura ho ha perm\u00e8s hem pogut gaudir dels nostres espais exteriors a <strong>La Torreta de Corbera, Eixample El Prat i Piera.<\/strong><\/p>\n<p><img loading=\"lazy\" decoding=\"async\" class=\"alignnone wp-image-6334\" src=\"https:\/\/residenciaslatorreta.com\/wp-content\/uploads\/2023\/08\/PHOTO-2023-07-05-17-24-17-3-300x225.jpg\" alt=\"Actividades aire libre Residencias La Torreta\" width=\"298\" height=\"223\" \/>\u00a0<img loading=\"lazy\" decoding=\"async\" class=\"alignnone wp-image-6340\" src=\"https:\/\/residenciaslatorreta.com\/wp-content\/uploads\/2023\/08\/PHOTO-2023-06-08-17-54-51-300x169.jpg\" alt=\"Actividades aire libre Residencias La Torreta\" width=\"395\" height=\"223\" \/><img loading=\"lazy\" decoding=\"async\" class=\"alignnone wp-image-6355\" src=\"https:\/\/residenciaslatorreta.com\/wp-content\/uploads\/2023\/08\/PHOTO-2023-06-08-17-49-54-300x169.jpg\" alt=\"Actividades aire libre Residencias La Torreta\" width=\"396\" height=\"223\" \/> <img loading=\"lazy\" decoding=\"async\" class=\"alignnone wp-image-6352\" src=\"https:\/\/residenciaslatorreta.com\/wp-content\/uploads\/2023\/08\/PHOTO-2023-08-29-07-45-46-300x225.jpg\" alt=\"Actividades aire libre Residencias La Torreta\" width=\"298\" height=\"223\" \/>\u00a0<img loading=\"lazy\" decoding=\"async\" class=\"alignnone wp-image-6338 size-medium\" src=\"https:\/\/residenciaslatorreta.com\/wp-content\/uploads\/2023\/08\/PHOTO-2023-07-05-17-24-17-2-225x300.jpg\" alt=\"Actividades aire libre Residencias La Torreta\" width=\"225\" height=\"300\" \/>\u00a0 <img loading=\"lazy\" decoding=\"async\" class=\"alignnone wp-image-6342 size-medium\" src=\"https:\/\/residenciaslatorreta.com\/wp-content\/uploads\/2023\/08\/PHOTO-2023-07-04-18-22-01-226x300.jpg\" alt=\"Actividades aire libre Residencias La Torreta\" width=\"226\" height=\"300\" \/> <img loading=\"lazy\" decoding=\"async\" class=\"alignnone wp-image-6344 size-medium\" src=\"https:\/\/residenciaslatorreta.com\/wp-content\/uploads\/2023\/08\/PHOTO-2023-07-04-18-22-01-2-226x300.jpg\" alt=\"Actividades aire libre Residencias La Torreta\" width=\"226\" height=\"300\" \/> <img loading=\"lazy\" decoding=\"async\" class=\"alignnone wp-image-6424 size-medium\" src=\"https:\/\/residenciaslatorreta.com\/wp-content\/uploads\/2023\/08\/PHOTO-2023-08-11-12-52-30-4-225x300.jpg\" alt=\"Actividades aire libre Residencias La Torreta\" width=\"225\" height=\"300\" \/> <img loading=\"lazy\" decoding=\"async\" class=\"alignnone wp-image-6426 size-medium\" src=\"https:\/\/residenciaslatorreta.com\/wp-content\/uploads\/2023\/08\/PHOTO-2023-08-11-12-52-30-2-225x300.jpg\" alt=\"Actividades aire libre Residencias La Torreta\" width=\"225\" height=\"300\" \/> <img loading=\"lazy\" decoding=\"async\" class=\"alignnone wp-image-6439 size-medium\" src=\"https:\/\/residenciaslatorreta.com\/wp-content\/uploads\/2023\/08\/PHOTO-2023-08-11-12-52-30-225x300.jpg\" alt=\"Actividades aire libre Residencias La Torreta\" width=\"225\" height=\"300\" \/><\/p>\n<p>Les persones usu\u00e0ries del Centre de dia de La Torreta Eixample El Prat hem anat a prendre un refrigeri a meitats d\u00b4agost fora del centre amb el que hem recaptat de les manualitats que vam realitzar pr\u00e8viament. Un dia diferent!<\/p>\n<p>A La Torreta de Piera, aprofitant la bona temperatura, hem sortit per anar a menjar un gelat i hem realitzat un showcooking de creps a la terrassa.<\/p>\n<p><img loading=\"lazy\" decoding=\"async\" class=\"alignnone wp-image-6364 size-medium\" src=\"https:\/\/residenciaslatorreta.com\/wp-content\/uploads\/2023\/08\/IMG_5119-300x225.jpg\" alt=\"Manualidades centro de d\u00eda La Torreta Eixample El Prat\" width=\"300\" height=\"225\" \/> <img loading=\"lazy\" decoding=\"async\" class=\"alignnone wp-image-6366 size-medium\" src=\"https:\/\/residenciaslatorreta.com\/wp-content\/uploads\/2023\/08\/IMG_5130-300x225.jpg\" alt=\"Manualidades centro de d\u00eda La Torreta Eixample El Prat\" width=\"300\" height=\"225\" \/>\u00a0<img loading=\"lazy\" decoding=\"async\" class=\"alignnone wp-image-6358 size-medium\" src=\"https:\/\/residenciaslatorreta.com\/wp-content\/uploads\/2023\/08\/PHOTO-2023-08-25-16-44-28-225x300.jpg\" alt=\"Salida centro de d\u00eda La Torreta Eixample El Prat\" width=\"225\" height=\"300\" \/> <img loading=\"lazy\" decoding=\"async\" class=\"alignnone wp-image-6360 size-medium\" src=\"https:\/\/residenciaslatorreta.com\/wp-content\/uploads\/2023\/08\/PHOTO-2023-08-25-16-44-28-2-225x300.jpg\" alt=\"Salida centro de d\u00eda La Torreta Eixample El Prat\" width=\"225\" height=\"300\" \/> <img loading=\"lazy\" decoding=\"async\" class=\"alignnone wp-image-6362 size-medium\" src=\"https:\/\/residenciaslatorreta.com\/wp-content\/uploads\/2023\/08\/PHOTO-2023-08-25-16-44-24-225x300.jpg\" alt=\"Salida centro de d\u00eda La Torreta Eixample El Prat\" width=\"225\" height=\"300\" \/> <img loading=\"lazy\" decoding=\"async\" class=\"alignnone wp-image-6368 size-medium\" src=\"https:\/\/residenciaslatorreta.com\/wp-content\/uploads\/2023\/08\/04_plantillahistorias-225x300.jpg\" alt=\"Salida a tomar un helado La Torreta de Piera\" width=\"225\" height=\"300\" \/> <img loading=\"lazy\" decoding=\"async\" class=\"alignnone wp-image-6370 size-medium\" src=\"https:\/\/residenciaslatorreta.com\/wp-content\/uploads\/2023\/08\/PHOTO-2023-08-03-18-45-36-225x300.jpg\" alt=\"Salida a tomar un helado La Torreta de Piera\" width=\"225\" height=\"300\" \/> <img loading=\"lazy\" decoding=\"async\" class=\"alignnone wp-image-6447 size-medium\" src=\"https:\/\/residenciaslatorreta.com\/wp-content\/uploads\/2023\/08\/PHOTO-2023-08-14-18-36-47-1-225x300.jpg\" alt=\"Showcooking cr\u00eapes La Torreta de Piera\" width=\"225\" height=\"300\" \/><\/p>\n<p><strong>Tallers solidaris per col.laborar amb la 32\u00aa Edici\u00f3 de La Marat\u00f3<\/strong><\/p>\n<p>Seguim un any m\u00e9s amb els nostres tallers solidaris per col.laborar amb La Marat\u00f3 de TV3 que enguany anir\u00e0 dedicada a la salut sexual i reproductiva.<\/p>\n<p>A <strong>La Torreta de Piera <\/strong>les nostres persones residents han fet un taller de bijuteria i sabons naturals perfeccionant cada cop m\u00e9s la t\u00e8cnica.<\/p>\n<p><img loading=\"lazy\" decoding=\"async\" class=\"alignnone wp-image-6390 size-medium\" src=\"https:\/\/residenciaslatorreta.com\/wp-content\/uploads\/2023\/08\/PHOTO-2023-07-11-12-39-16-300x225.jpg\" alt=\"Talleres Marat\u00f3 Tv3 La Torreta de Piera\" width=\"300\" height=\"225\" \/> <img loading=\"lazy\" decoding=\"async\" class=\"alignnone wp-image-6392 size-medium\" src=\"https:\/\/residenciaslatorreta.com\/wp-content\/uploads\/2023\/08\/PHOTO-2023-07-11-12-39-17-300x225.jpg\" alt=\"Talleres Marat\u00f3 Tv3 La Torreta de Piera\" width=\"300\" height=\"225\" \/> <img loading=\"lazy\" decoding=\"async\" class=\"alignnone wp-image-6396 size-medium\" src=\"https:\/\/residenciaslatorreta.com\/wp-content\/uploads\/2023\/08\/PHOTO-2023-07-11-12-39-18-300x225.jpg\" alt=\"Talleres Marat\u00f3 Tv3 La Torreta de Piera\" width=\"300\" height=\"225\" \/> <img loading=\"lazy\" decoding=\"async\" class=\"alignnone wp-image-6404 size-medium\" src=\"https:\/\/residenciaslatorreta.com\/wp-content\/uploads\/2023\/08\/PHOTO-2023-06-27-12-39-57-300x225.jpg\" alt=\"Talleres Marat\u00f3 Tv3 La Torreta de Piera\" width=\"300\" height=\"225\" \/> <img loading=\"lazy\" decoding=\"async\" class=\"alignnone wp-image-6398 size-medium\" src=\"https:\/\/residenciaslatorreta.com\/wp-content\/uploads\/2023\/08\/PHOTO-2023-07-11-12-39-21-300x225.jpg\" alt=\"Talleres Marat\u00f3 Tv3 La Torreta de Piera\" width=\"300\" height=\"225\" \/> <img loading=\"lazy\" decoding=\"async\" class=\"alignnone wp-image-6400\" src=\"https:\/\/residenciaslatorreta.com\/wp-content\/uploads\/2023\/08\/PHOTO-2023-07-18-11-12-59-225x300.jpg\" alt=\"Talleres Marat\u00f3 Tv3 La Torreta de Piera\" width=\"169\" height=\"226\" \/> <img loading=\"lazy\" decoding=\"async\" class=\"alignnone wp-image-6402\" src=\"https:\/\/residenciaslatorreta.com\/wp-content\/uploads\/2023\/08\/PHOTO-2023-07-18-11-13-20-225x300.jpg\" alt=\"Talleres Marat\u00f3 Tv3 La Torreta de Piera\" width=\"169\" height=\"225\" \/><\/p>\n<p>A <strong>La Torreta de Corbera <\/strong>estan fets tamb\u00e9 uns\/es artistes!. Les nostres persones residents han decorat\u00a0 ventalls, polseres, clauers i guarniments per l\u00b4 arbre de nadal.<\/p>\n<p><img loading=\"lazy\" decoding=\"async\" class=\"alignnone wp-image-6375 size-medium\" src=\"https:\/\/residenciaslatorreta.com\/wp-content\/uploads\/2023\/08\/PHOTO-2023-05-15-17-59-16-2-225x300.jpg\" alt=\"Talleres Marat\u00f3 Tv3 La Torreta de Corbera\" width=\"225\" height=\"300\" \/> <img loading=\"lazy\" decoding=\"async\" class=\"alignnone wp-image-6377\" src=\"https:\/\/residenciaslatorreta.com\/wp-content\/uploads\/2023\/08\/PHOTO-2023-06-12-17-21-51-300x225.jpg\" alt=\"Talleres Marat\u00f3 Tv3 La Torreta de Corbera\" width=\"400\" height=\"300\" \/> <img loading=\"lazy\" decoding=\"async\" class=\"alignnone wp-image-6379 size-medium\" src=\"https:\/\/residenciaslatorreta.com\/wp-content\/uploads\/2023\/08\/PHOTO-2023-05-15-17-59-16-3-225x300.jpg\" alt=\"Talleres Marat\u00f3 Tv3 La Torreta de Corbera\" width=\"225\" height=\"300\" \/> <img loading=\"lazy\" decoding=\"async\" class=\"alignnone wp-image-6381 size-medium\" src=\"https:\/\/residenciaslatorreta.com\/wp-content\/uploads\/2023\/08\/PHOTO-2023-05-15-17-59-16-225x300.jpg\" alt=\"Talleres Marat\u00f3 Tv3 La Torreta de Corbera\" width=\"225\" height=\"300\" \/> <img loading=\"lazy\" decoding=\"async\" class=\"alignnone wp-image-6387 size-medium\" src=\"https:\/\/residenciaslatorreta.com\/wp-content\/uploads\/2023\/08\/PHOTO-2023-05-15-17-59-16-4-225x300.jpg\" alt=\"Talleres Marat\u00f3 Tv3 La Torreta de Corbera\" width=\"225\" height=\"300\" \/><\/p>\n<p>A<strong> La Torreta Eixample El Prat<\/strong> hem preparat aquest cop un mercat solidari amb les alberg\u00ednies i pebrots recollits del nostre hort on els venedors\/es s\u00f3n les nostres pr\u00f2pies persones residents.\u00a0 Com diu la famosa frase &#8220;Ens ho han tret tot de les mans&#8221; per\u00f2 no us preocupeu perqu\u00e8 en continuarem fent m\u00e9s!<\/p>\n<p><img loading=\"lazy\" decoding=\"async\" class=\"alignnone wp-image-6406 size-medium\" src=\"https:\/\/residenciaslatorreta.com\/wp-content\/uploads\/2023\/08\/PHOTO-2023-08-17-14-44-49-300x225.jpg\" alt=\"Mercadillo Solidario Marat\u00f3 Tv3 La Torreta Eixample El Prat\" width=\"300\" height=\"225\" \/> <img loading=\"lazy\" decoding=\"async\" class=\"alignnone wp-image-6408 size-medium\" src=\"https:\/\/residenciaslatorreta.com\/wp-content\/uploads\/2023\/08\/PHOTO-2023-08-17-14-44-50-300x225.jpg\" alt=\"Mercadillo Solidario Marat\u00f3 Tv3 La Torreta Eixample El Prat\" width=\"300\" height=\"225\" \/> <img loading=\"lazy\" decoding=\"async\" class=\"alignnone wp-image-6410 size-medium\" src=\"https:\/\/residenciaslatorreta.com\/wp-content\/uploads\/2023\/08\/PHOTO-2023-08-25-16-47-52-300x225.jpg\" alt=\"Mercadillo Solidario Marat\u00f3 Tv3 La Torreta Eixample El Prat\" width=\"300\" height=\"225\" \/> <img loading=\"lazy\" decoding=\"async\" class=\"alignnone wp-image-6413 size-medium\" src=\"https:\/\/residenciaslatorreta.com\/wp-content\/uploads\/2023\/08\/PORTADA-300x226.jpg\" alt=\"Mercadillo Solidario Marat\u00f3 Tv3 La Torreta Eixample El Prat\" width=\"300\" height=\"226\" \/><\/p>\n<p>Encara que estem una mica tristos perqu\u00e8 s\u00b4acaba l\u00b4estiu, estem a la vegada molt emocionats perqu\u00e8 tenim moltes activitats pensades per aquesta tardor!<\/p>\n<p>Aviat les coneixereu!<\/p>\n<p>&nbsp;<\/p>\n<p>&nbsp;<\/p>\n<p>&nbsp;<\/p>\n<p>&nbsp;<\/p>\n<p>&nbsp;<\/p>\n<p>&nbsp;<\/p>\n<p>&nbsp;<\/p>\n<p>&nbsp;<\/p>\n<p>&nbsp;<\/p>\n<p>&nbsp;<\/p>\n","protected":false},"excerpt":{"rendered":"<p>Moments per gaudir i fer activitats a l \u00b4aire lliure &nbsp; Estem acabant l \u00b4estiu, una estaci\u00f3 que ens permet gaudir dels nostres espais interiors i exteriors i socialitzar-nos al relacionar-nos en espais diferents amb els nostres companys i companyes dels nostres centres de Resid\u00e8ncies&#8230;<\/p>\n","protected":false},"author":5,"featured_media":6285,"comment_status":"closed","ping_status":"open","sticky":false,"template":"","format":"standard","meta":{"footnotes":""},"categories":[30],"tags":[],"yst_prominent_words":[],"class_list":["post-6283","post","type-post","status-publish","format-standard","has-post-thumbnail","hentry","category-actualidad-ca"],"_links":{"self":[{"href":"https:\/\/residenciaslatorreta.com\/ca\/wp-json\/wp\/v2\/posts\/6283","targetHints":{"allow":["GET"]}}],"collection":[{"href":"https:\/\/residenciaslatorreta.com\/ca\/wp-json\/wp\/v2\/posts"}],"about":[{"href":"https:\/\/residenciaslatorreta.com\/ca\/wp-json\/wp\/v2\/types\/post"}],"author":[{"embeddable":true,"href":"https:\/\/residenciaslatorreta.com\/ca\/wp-json\/wp\/v2\/users\/5"}],"replies":[{"embeddable":true,"href":"https:\/\/residenciaslatorreta.com\/ca\/wp-json\/wp\/v2\/comments?post=6283"}],"version-history":[{"count":2,"href":"https:\/\/residenciaslatorreta.com\/ca\/wp-json\/wp\/v2\/posts\/6283\/revisions"}],"predecessor-version":[{"id":6287,"href":"https:\/\/residenciaslatorreta.com\/ca\/wp-json\/wp\/v2\/posts\/6283\/revisions\/6287"}],"wp:featuredmedia":[{"embeddable":true,"href":"https:\/\/residenciaslatorreta.com\/ca\/wp-json\/wp\/v2\/media\/6285"}],"wp:attachment":[{"href":"https:\/\/residenciaslatorreta.com\/ca\/wp-json\/wp\/v2\/media?parent=6283"}],"wp:term":[{"taxonomy":"category","embeddable":true,"href":"https:\/\/residenciaslatorreta.com\/ca\/wp-json\/wp\/v2\/categories?post=6283"},{"taxonomy":"post_tag","embeddable":true,"href":"https:\/\/residenciaslatorreta.com\/ca\/wp-json\/wp\/v2\/tags?post=6283"},{"taxonomy":"yst_prominent_words","embeddable":true,"href":"https:\/\/residenciaslatorreta.com\/ca\/wp-json\/wp\/v2\/yst_prominent_words?post=6283"}],"curies":[{"name":"wp","href":"https:\/\/api.w.org\/{rel}","templated":true}]}}