{"id":5942,"date":"2023-06-30T00:00:58","date_gmt":"2023-06-30T00:00:58","guid":{"rendered":"https:\/\/residenciaslatorreta.com\/salidas-exteriores-la-torreta\/"},"modified":"2023-06-30T09:54:20","modified_gmt":"2023-06-30T09:54:20","slug":"salidas-exteriores-la-torreta","status":"publish","type":"post","link":"https:\/\/residenciaslatorreta.com\/ca\/salidas-exteriores-la-torreta\/","title":{"rendered":"Aix\u00ed de b\u00e9 ens ho hem passat aquest trimestre!"},"content":{"rendered":"<h3>Activitats exteriors de Primavera a Resid\u00e8ncies La Torreta<\/h3>\n<p>&nbsp;<\/p>\n<p>A <strong>Resid\u00e8ncies La Torreta<\/strong> fomentem les activitats de les nostres persones residents dins i fora del centre tal com farien a la seva pr\u00f2pia llar. Aquesta primavera hem pogut gaudir de diverses sortides organitzades pel nostre equip interdisciplinari <strong>d\u00b4educaci\u00f3 social, ter\u00e0pia ocupacional, psicologia i fisioter\u00e0pia<\/strong>. Us les expliquem!<\/p>\n<h5><strong>Sortida al Camp Nou\u00a0<\/strong><\/h5>\n<p>A mitjans d\u00b4abril un grup de persones usu\u00e0ries de <strong>La Torreta de Piera <\/strong>van poder visitar el Camp Nou abans de les obres. Vam veure el museu amb les copes dels equips dels diferents esports i els cartells publicitaris que es van fer en commemoraci\u00f3 dels aniversaris del Club.<\/p>\n<p>Tots i totes es van emocionar molt al veure el camp que els hi va portar molts records, fins i tot alguns hi havien estat veient jugar al Bar\u00e7a als primers partits! Vam acabar molt b\u00e9 la jornada dinant a un restaurant a prop del camp.<\/p>\n<p><img loading=\"lazy\" decoding=\"async\" class=\"alignnone wp-image-5814 size-medium\" src=\"https:\/\/residenciaslatorreta.com\/wp-content\/uploads\/2023\/06\/PHOTO-2023-04-18-11-59-51-300x225.jpg\" alt=\"Salida Camp Nou Torreta de Piera\" width=\"300\" height=\"225\" srcset=\"https:\/\/residenciaslatorreta.com\/wp-content\/uploads\/2023\/06\/PHOTO-2023-04-18-11-59-51-300x225.jpg 300w, https:\/\/residenciaslatorreta.com\/wp-content\/uploads\/2023\/06\/PHOTO-2023-04-18-11-59-51-1024x768.jpg 1024w, https:\/\/residenciaslatorreta.com\/wp-content\/uploads\/2023\/06\/PHOTO-2023-04-18-11-59-51-768x576.jpg 768w, https:\/\/residenciaslatorreta.com\/wp-content\/uploads\/2023\/06\/PHOTO-2023-04-18-11-59-51-1536x1152.jpg 1536w, https:\/\/residenciaslatorreta.com\/wp-content\/uploads\/2023\/06\/PHOTO-2023-04-18-11-59-51-800x600.jpg 800w, https:\/\/residenciaslatorreta.com\/wp-content\/uploads\/2023\/06\/PHOTO-2023-04-18-11-59-51-700x525.jpg 700w, https:\/\/residenciaslatorreta.com\/wp-content\/uploads\/2023\/06\/PHOTO-2023-04-18-11-59-51.jpg 2048w\" sizes=\"auto, (max-width: 300px) 100vw, 300px\" \/>\u00a0<img loading=\"lazy\" decoding=\"async\" class=\"alignnone wp-image-5819 size-medium\" src=\"https:\/\/residenciaslatorreta.com\/wp-content\/uploads\/2023\/06\/IMG_1968-300x225.jpg\" alt=\"Salida Camp Nou Torreta de Piera\" width=\"300\" height=\"225\" srcset=\"https:\/\/residenciaslatorreta.com\/wp-content\/uploads\/2023\/06\/IMG_1968-300x225.jpg 300w, https:\/\/residenciaslatorreta.com\/wp-content\/uploads\/2023\/06\/IMG_1968-1024x768.jpg 1024w, https:\/\/residenciaslatorreta.com\/wp-content\/uploads\/2023\/06\/IMG_1968-768x576.jpg 768w, https:\/\/residenciaslatorreta.com\/wp-content\/uploads\/2023\/06\/IMG_1968-1536x1152.jpg 1536w, https:\/\/residenciaslatorreta.com\/wp-content\/uploads\/2023\/06\/IMG_1968-2048x1536.jpg 2048w, https:\/\/residenciaslatorreta.com\/wp-content\/uploads\/2023\/06\/IMG_1968-800x600.jpg 800w, https:\/\/residenciaslatorreta.com\/wp-content\/uploads\/2023\/06\/IMG_1968-700x525.jpg 700w\" sizes=\"auto, (max-width: 300px) 100vw, 300px\" \/> <img loading=\"lazy\" decoding=\"async\" class=\"alignnone wp-image-5823\" src=\"https:\/\/residenciaslatorreta.com\/wp-content\/uploads\/2023\/06\/IMG_1988-225x300.jpg\" alt=\"Salida Camp Nou Torreta de Piera\" width=\"169\" height=\"225\" srcset=\"https:\/\/residenciaslatorreta.com\/wp-content\/uploads\/2023\/06\/IMG_1988-225x300.jpg 225w, https:\/\/residenciaslatorreta.com\/wp-content\/uploads\/2023\/06\/IMG_1988-768x1024.jpg 768w, https:\/\/residenciaslatorreta.com\/wp-content\/uploads\/2023\/06\/IMG_1988-1152x1536.jpg 1152w, https:\/\/residenciaslatorreta.com\/wp-content\/uploads\/2023\/06\/IMG_1988-1536x2048.jpg 1536w, https:\/\/residenciaslatorreta.com\/wp-content\/uploads\/2023\/06\/IMG_1988-600x800.jpg 600w, https:\/\/residenciaslatorreta.com\/wp-content\/uploads\/2023\/06\/IMG_1988-700x933.jpg 700w, https:\/\/residenciaslatorreta.com\/wp-content\/uploads\/2023\/06\/IMG_1988-scaled.jpg 1920w\" sizes=\"auto, (max-width: 169px) 100vw, 169px\" \/> <img loading=\"lazy\" decoding=\"async\" class=\"alignnone wp-image-5806 size-medium\" src=\"https:\/\/residenciaslatorreta.com\/wp-content\/uploads\/2023\/06\/PHOTO-2023-04-18-14-26-57-300x225.jpg\" alt=\"Salida Camp Nou La Torreta de Piera\" width=\"300\" height=\"225\" srcset=\"https:\/\/residenciaslatorreta.com\/wp-content\/uploads\/2023\/06\/PHOTO-2023-04-18-14-26-57-300x225.jpg 300w, https:\/\/residenciaslatorreta.com\/wp-content\/uploads\/2023\/06\/PHOTO-2023-04-18-14-26-57-1024x768.jpg 1024w, https:\/\/residenciaslatorreta.com\/wp-content\/uploads\/2023\/06\/PHOTO-2023-04-18-14-26-57-768x576.jpg 768w, https:\/\/residenciaslatorreta.com\/wp-content\/uploads\/2023\/06\/PHOTO-2023-04-18-14-26-57-1536x1152.jpg 1536w, https:\/\/residenciaslatorreta.com\/wp-content\/uploads\/2023\/06\/PHOTO-2023-04-18-14-26-57-800x600.jpg 800w, https:\/\/residenciaslatorreta.com\/wp-content\/uploads\/2023\/06\/PHOTO-2023-04-18-14-26-57-700x525.jpg 700w, https:\/\/residenciaslatorreta.com\/wp-content\/uploads\/2023\/06\/PHOTO-2023-04-18-14-26-57.jpg 2048w\" sizes=\"auto, (max-width: 300px) 100vw, 300px\" \/>\u00a0<img loading=\"lazy\" decoding=\"async\" class=\"alignnone wp-image-5825\" src=\"https:\/\/residenciaslatorreta.com\/wp-content\/uploads\/2023\/06\/PHOTO-2023-04-18-14-27-02-300x225.jpg\" alt=\"Salida Camp Nou Torreta de Piera\" width=\"299\" height=\"225\" srcset=\"https:\/\/residenciaslatorreta.com\/wp-content\/uploads\/2023\/06\/PHOTO-2023-04-18-14-27-02-300x225.jpg 300w, https:\/\/residenciaslatorreta.com\/wp-content\/uploads\/2023\/06\/PHOTO-2023-04-18-14-27-02-1024x768.jpg 1024w, https:\/\/residenciaslatorreta.com\/wp-content\/uploads\/2023\/06\/PHOTO-2023-04-18-14-27-02-768x576.jpg 768w, https:\/\/residenciaslatorreta.com\/wp-content\/uploads\/2023\/06\/PHOTO-2023-04-18-14-27-02-1536x1152.jpg 1536w, https:\/\/residenciaslatorreta.com\/wp-content\/uploads\/2023\/06\/PHOTO-2023-04-18-14-27-02-800x600.jpg 800w, https:\/\/residenciaslatorreta.com\/wp-content\/uploads\/2023\/06\/PHOTO-2023-04-18-14-27-02-700x525.jpg 700w, https:\/\/residenciaslatorreta.com\/wp-content\/uploads\/2023\/06\/PHOTO-2023-04-18-14-27-02.jpg 2048w\" sizes=\"auto, (max-width: 299px) 100vw, 299px\" \/> <img loading=\"lazy\" decoding=\"async\" class=\"alignnone wp-image-5923\" src=\"https:\/\/residenciaslatorreta.com\/wp-content\/uploads\/2023\/06\/IMG_1965-225x300.jpg\" alt=\"\" width=\"168\" height=\"224\" srcset=\"https:\/\/residenciaslatorreta.com\/wp-content\/uploads\/2023\/06\/IMG_1965-225x300.jpg 225w, https:\/\/residenciaslatorreta.com\/wp-content\/uploads\/2023\/06\/IMG_1965-768x1024.jpg 768w, https:\/\/residenciaslatorreta.com\/wp-content\/uploads\/2023\/06\/IMG_1965-1152x1536.jpg 1152w, https:\/\/residenciaslatorreta.com\/wp-content\/uploads\/2023\/06\/IMG_1965-1536x2048.jpg 1536w, https:\/\/residenciaslatorreta.com\/wp-content\/uploads\/2023\/06\/IMG_1965-600x800.jpg 600w, https:\/\/residenciaslatorreta.com\/wp-content\/uploads\/2023\/06\/IMG_1965-700x933.jpg 700w, https:\/\/residenciaslatorreta.com\/wp-content\/uploads\/2023\/06\/IMG_1965-scaled.jpg 1920w\" sizes=\"auto, (max-width: 168px) 100vw, 168px\" \/>\u00a0 <img loading=\"lazy\" decoding=\"async\" class=\"alignnone wp-image-5920\" src=\"https:\/\/residenciaslatorreta.com\/wp-content\/uploads\/2023\/06\/IMG_2044-300x225.jpg\" alt=\"Salida Camp Nou Torreta de Piera\" width=\"298\" height=\"223\" srcset=\"https:\/\/residenciaslatorreta.com\/wp-content\/uploads\/2023\/06\/IMG_2044-300x225.jpg 300w, https:\/\/residenciaslatorreta.com\/wp-content\/uploads\/2023\/06\/IMG_2044-1024x768.jpg 1024w, https:\/\/residenciaslatorreta.com\/wp-content\/uploads\/2023\/06\/IMG_2044-768x576.jpg 768w, https:\/\/residenciaslatorreta.com\/wp-content\/uploads\/2023\/06\/IMG_2044-1536x1152.jpg 1536w, https:\/\/residenciaslatorreta.com\/wp-content\/uploads\/2023\/06\/IMG_2044-2048x1536.jpg 2048w, https:\/\/residenciaslatorreta.com\/wp-content\/uploads\/2023\/06\/IMG_2044-800x600.jpg 800w, https:\/\/residenciaslatorreta.com\/wp-content\/uploads\/2023\/06\/IMG_2044-700x525.jpg 700w\" sizes=\"auto, (max-width: 298px) 100vw, 298px\" \/> <img loading=\"lazy\" decoding=\"async\" class=\"alignnone wp-image-5810\" src=\"https:\/\/residenciaslatorreta.com\/wp-content\/uploads\/2023\/06\/IMG_2038-300x225.jpg\" alt=\"Salida Camp Nou Torreta de Piera\" width=\"299\" height=\"225\" srcset=\"https:\/\/residenciaslatorreta.com\/wp-content\/uploads\/2023\/06\/IMG_2038-300x225.jpg 300w, https:\/\/residenciaslatorreta.com\/wp-content\/uploads\/2023\/06\/IMG_2038-1024x768.jpg 1024w, https:\/\/residenciaslatorreta.com\/wp-content\/uploads\/2023\/06\/IMG_2038-768x576.jpg 768w, https:\/\/residenciaslatorreta.com\/wp-content\/uploads\/2023\/06\/IMG_2038-1536x1152.jpg 1536w, https:\/\/residenciaslatorreta.com\/wp-content\/uploads\/2023\/06\/IMG_2038-2048x1536.jpg 2048w, https:\/\/residenciaslatorreta.com\/wp-content\/uploads\/2023\/06\/IMG_2038-800x600.jpg 800w, https:\/\/residenciaslatorreta.com\/wp-content\/uploads\/2023\/06\/IMG_2038-700x525.jpg 700w\" sizes=\"auto, (max-width: 299px) 100vw, 299px\" \/> <img loading=\"lazy\" decoding=\"async\" class=\"alignnone wp-image-5812\" src=\"https:\/\/residenciaslatorreta.com\/wp-content\/uploads\/2023\/06\/PHOTO-2023-04-18-14-59-52-225x300.jpg\" alt=\"Salida Camp Nou Torreta de Piera\" width=\"170\" height=\"227\" srcset=\"https:\/\/residenciaslatorreta.com\/wp-content\/uploads\/2023\/06\/PHOTO-2023-04-18-14-59-52-225x300.jpg 225w, https:\/\/residenciaslatorreta.com\/wp-content\/uploads\/2023\/06\/PHOTO-2023-04-18-14-59-52-768x1024.jpg 768w, https:\/\/residenciaslatorreta.com\/wp-content\/uploads\/2023\/06\/PHOTO-2023-04-18-14-59-52-1152x1536.jpg 1152w, https:\/\/residenciaslatorreta.com\/wp-content\/uploads\/2023\/06\/PHOTO-2023-04-18-14-59-52-600x800.jpg 600w, https:\/\/residenciaslatorreta.com\/wp-content\/uploads\/2023\/06\/PHOTO-2023-04-18-14-59-52-700x933.jpg 700w, https:\/\/residenciaslatorreta.com\/wp-content\/uploads\/2023\/06\/PHOTO-2023-04-18-14-59-52.jpg 1536w\" sizes=\"auto, (max-width: 170px) 100vw, 170px\" \/><\/p>\n<h5><strong>Sortida al Museu del Vi<\/strong><\/h5>\n<p>Tamb\u00e9 ens vam apropar la setmana passada al Museu del Vi de Vilafranca per fer el <strong>taller de reminisc\u00e8ncia<\/strong> <em>Les Nostres Mans s\u00f3n fortes i s\u00e0vies com els arbres. <\/em>El resultat de l\u00b4activitat va ser un arbre representat amb les mans dels nostres usuaris en qu\u00e8 van rememorar moments viscuts i va ser molt emotiu.<\/p>\n<p><img loading=\"lazy\" decoding=\"async\" class=\"alignnone wp-image-5832\" src=\"https:\/\/residenciaslatorreta.com\/wp-content\/uploads\/2023\/06\/PHOTO-2023-06-20-17-16-29-2-225x300.jpg\" alt=\"Salida Museo del Vino La Torreta de Piera\" width=\"202\" height=\"269\" srcset=\"https:\/\/residenciaslatorreta.com\/wp-content\/uploads\/2023\/06\/PHOTO-2023-06-20-17-16-29-2-225x300.jpg 225w, https:\/\/residenciaslatorreta.com\/wp-content\/uploads\/2023\/06\/PHOTO-2023-06-20-17-16-29-2-768x1024.jpg 768w, https:\/\/residenciaslatorreta.com\/wp-content\/uploads\/2023\/06\/PHOTO-2023-06-20-17-16-29-2-1152x1536.jpg 1152w, https:\/\/residenciaslatorreta.com\/wp-content\/uploads\/2023\/06\/PHOTO-2023-06-20-17-16-29-2-600x800.jpg 600w, https:\/\/residenciaslatorreta.com\/wp-content\/uploads\/2023\/06\/PHOTO-2023-06-20-17-16-29-2-700x933.jpg 700w, https:\/\/residenciaslatorreta.com\/wp-content\/uploads\/2023\/06\/PHOTO-2023-06-20-17-16-29-2.jpg 1200w\" sizes=\"auto, (max-width: 202px) 100vw, 202px\" \/> <img loading=\"lazy\" decoding=\"async\" class=\"alignnone wp-image-5834\" src=\"https:\/\/residenciaslatorreta.com\/wp-content\/uploads\/2023\/06\/PHOTO-2023-06-20-17-16-24-225x300.jpg\" alt=\"Salida Museo del Vino La Torreta de Piera\" width=\"202\" height=\"269\" srcset=\"https:\/\/residenciaslatorreta.com\/wp-content\/uploads\/2023\/06\/PHOTO-2023-06-20-17-16-24-225x300.jpg 225w, https:\/\/residenciaslatorreta.com\/wp-content\/uploads\/2023\/06\/PHOTO-2023-06-20-17-16-24-768x1024.jpg 768w, https:\/\/residenciaslatorreta.com\/wp-content\/uploads\/2023\/06\/PHOTO-2023-06-20-17-16-24-1152x1536.jpg 1152w, https:\/\/residenciaslatorreta.com\/wp-content\/uploads\/2023\/06\/PHOTO-2023-06-20-17-16-24-600x800.jpg 600w, https:\/\/residenciaslatorreta.com\/wp-content\/uploads\/2023\/06\/PHOTO-2023-06-20-17-16-24-700x933.jpg 700w, https:\/\/residenciaslatorreta.com\/wp-content\/uploads\/2023\/06\/PHOTO-2023-06-20-17-16-24.jpg 1200w\" sizes=\"auto, (max-width: 202px) 100vw, 202px\" \/>\u00a0<img loading=\"lazy\" decoding=\"async\" class=\"alignnone wp-image-5865\" src=\"https:\/\/residenciaslatorreta.com\/wp-content\/uploads\/2023\/06\/PHOTO-2023-06-20-17-16-29-4-225x300.jpg\" alt=\"Salida Museo del Vino La Torreta de Piera\" width=\"203\" height=\"271\" srcset=\"https:\/\/residenciaslatorreta.com\/wp-content\/uploads\/2023\/06\/PHOTO-2023-06-20-17-16-29-4-225x300.jpg 225w, https:\/\/residenciaslatorreta.com\/wp-content\/uploads\/2023\/06\/PHOTO-2023-06-20-17-16-29-4-768x1024.jpg 768w, https:\/\/residenciaslatorreta.com\/wp-content\/uploads\/2023\/06\/PHOTO-2023-06-20-17-16-29-4-1152x1536.jpg 1152w, https:\/\/residenciaslatorreta.com\/wp-content\/uploads\/2023\/06\/PHOTO-2023-06-20-17-16-29-4-600x800.jpg 600w, https:\/\/residenciaslatorreta.com\/wp-content\/uploads\/2023\/06\/PHOTO-2023-06-20-17-16-29-4-700x933.jpg 700w, https:\/\/residenciaslatorreta.com\/wp-content\/uploads\/2023\/06\/PHOTO-2023-06-20-17-16-29-4.jpg 1200w\" sizes=\"auto, (max-width: 203px) 100vw, 203px\" \/> <img loading=\"lazy\" decoding=\"async\" class=\"alignnone wp-image-5830\" src=\"https:\/\/residenciaslatorreta.com\/wp-content\/uploads\/2023\/06\/PHOTO-2023-06-20-17-16-24-2-225x300.jpg\" alt=\"Salida Museo del Vino La Torreta de Piera\" width=\"203\" height=\"271\" srcset=\"https:\/\/residenciaslatorreta.com\/wp-content\/uploads\/2023\/06\/PHOTO-2023-06-20-17-16-24-2-225x300.jpg 225w, https:\/\/residenciaslatorreta.com\/wp-content\/uploads\/2023\/06\/PHOTO-2023-06-20-17-16-24-2-768x1024.jpg 768w, https:\/\/residenciaslatorreta.com\/wp-content\/uploads\/2023\/06\/PHOTO-2023-06-20-17-16-24-2-1152x1536.jpg 1152w, https:\/\/residenciaslatorreta.com\/wp-content\/uploads\/2023\/06\/PHOTO-2023-06-20-17-16-24-2-600x800.jpg 600w, https:\/\/residenciaslatorreta.com\/wp-content\/uploads\/2023\/06\/PHOTO-2023-06-20-17-16-24-2-700x933.jpg 700w, https:\/\/residenciaslatorreta.com\/wp-content\/uploads\/2023\/06\/PHOTO-2023-06-20-17-16-24-2.jpg 1200w\" sizes=\"auto, (max-width: 203px) 100vw, 203px\" \/>\u00a0<img loading=\"lazy\" decoding=\"async\" class=\"alignnone wp-image-5838\" src=\"https:\/\/residenciaslatorreta.com\/wp-content\/uploads\/2023\/06\/PHOTO-2023-06-20-17-13-28-225x300.jpg\" alt=\"Salida Museo del Vino La Torreta de Piera\" width=\"202\" height=\"270\" srcset=\"https:\/\/residenciaslatorreta.com\/wp-content\/uploads\/2023\/06\/PHOTO-2023-06-20-17-13-28-225x300.jpg 225w, https:\/\/residenciaslatorreta.com\/wp-content\/uploads\/2023\/06\/PHOTO-2023-06-20-17-13-28-768x1024.jpg 768w, https:\/\/residenciaslatorreta.com\/wp-content\/uploads\/2023\/06\/PHOTO-2023-06-20-17-13-28-1152x1536.jpg 1152w, https:\/\/residenciaslatorreta.com\/wp-content\/uploads\/2023\/06\/PHOTO-2023-06-20-17-13-28-600x800.jpg 600w, https:\/\/residenciaslatorreta.com\/wp-content\/uploads\/2023\/06\/PHOTO-2023-06-20-17-13-28-700x933.jpg 700w, https:\/\/residenciaslatorreta.com\/wp-content\/uploads\/2023\/06\/PHOTO-2023-06-20-17-13-28.jpg 1536w\" sizes=\"auto, (max-width: 202px) 100vw, 202px\" \/> <img loading=\"lazy\" decoding=\"async\" class=\"alignnone wp-image-5840\" src=\"https:\/\/residenciaslatorreta.com\/wp-content\/uploads\/2023\/06\/PHOTO-2023-06-20-17-15-41-225x300.jpg\" alt=\"Salida Museo del Vino La Torreta de Piera\" width=\"200\" height=\"266\" srcset=\"https:\/\/residenciaslatorreta.com\/wp-content\/uploads\/2023\/06\/PHOTO-2023-06-20-17-15-41-225x300.jpg 225w, https:\/\/residenciaslatorreta.com\/wp-content\/uploads\/2023\/06\/PHOTO-2023-06-20-17-15-41-768x1024.jpg 768w, https:\/\/residenciaslatorreta.com\/wp-content\/uploads\/2023\/06\/PHOTO-2023-06-20-17-15-41-1152x1536.jpg 1152w, https:\/\/residenciaslatorreta.com\/wp-content\/uploads\/2023\/06\/PHOTO-2023-06-20-17-15-41-600x800.jpg 600w, https:\/\/residenciaslatorreta.com\/wp-content\/uploads\/2023\/06\/PHOTO-2023-06-20-17-15-41-700x933.jpg 700w, https:\/\/residenciaslatorreta.com\/wp-content\/uploads\/2023\/06\/PHOTO-2023-06-20-17-15-41.jpg 1200w\" sizes=\"auto, (max-width: 200px) 100vw, 200px\" \/><\/p>\n<h5><strong>Sortida a la platja<\/strong><\/h5>\n<p>A mitjans de juny un grup de persones residents de <strong>La Torreta de Corbera<\/strong> van passar un preci\u00f3s dia a la platja de Castelldefels. Tornar a sentir la sorra sota els peus, l \u00b4aigua i la brisa del mar es una experi\u00e8ncia que van gaudir molt!<\/p>\n<p>Per acabar la jornada vam anar a dinar a la terrassa d\u00b4un restaurant a prop de la platja aprofitant l\u00b4agradable temperatura que ens va fer.<\/p>\n<p><img loading=\"lazy\" decoding=\"async\" class=\"alignnone wp-image-5857\" src=\"https:\/\/residenciaslatorreta.com\/wp-content\/uploads\/2023\/06\/PHOTO-2023-06-15-11-33-28-300x169.jpg\" alt=\"Salida Playa Castelldefels La Torreta de Corbera\" width=\"350\" height=\"197\" srcset=\"https:\/\/residenciaslatorreta.com\/wp-content\/uploads\/2023\/06\/PHOTO-2023-06-15-11-33-28-300x169.jpg 300w, https:\/\/residenciaslatorreta.com\/wp-content\/uploads\/2023\/06\/PHOTO-2023-06-15-11-33-28-1024x576.jpg 1024w, https:\/\/residenciaslatorreta.com\/wp-content\/uploads\/2023\/06\/PHOTO-2023-06-15-11-33-28-768x432.jpg 768w, https:\/\/residenciaslatorreta.com\/wp-content\/uploads\/2023\/06\/PHOTO-2023-06-15-11-33-28-1536x864.jpg 1536w, https:\/\/residenciaslatorreta.com\/wp-content\/uploads\/2023\/06\/PHOTO-2023-06-15-11-33-28-700x394.jpg 700w, https:\/\/residenciaslatorreta.com\/wp-content\/uploads\/2023\/06\/PHOTO-2023-06-15-11-33-28-539x303.jpg 539w, https:\/\/residenciaslatorreta.com\/wp-content\/uploads\/2023\/06\/PHOTO-2023-06-15-11-33-28.jpg 1920w\" sizes=\"auto, (max-width: 350px) 100vw, 350px\" \/>\u00a0<img loading=\"lazy\" decoding=\"async\" class=\"alignnone wp-image-5861\" src=\"https:\/\/residenciaslatorreta.com\/wp-content\/uploads\/2023\/06\/PHOTO-2023-06-15-11-41-01-300x169.jpg\" alt=\"Salida Playa Castelldefels La Torreta de Corbera\" width=\"354\" height=\"200\" srcset=\"https:\/\/residenciaslatorreta.com\/wp-content\/uploads\/2023\/06\/PHOTO-2023-06-15-11-41-01-300x169.jpg 300w, https:\/\/residenciaslatorreta.com\/wp-content\/uploads\/2023\/06\/PHOTO-2023-06-15-11-41-01-1024x576.jpg 1024w, https:\/\/residenciaslatorreta.com\/wp-content\/uploads\/2023\/06\/PHOTO-2023-06-15-11-41-01-768x432.jpg 768w, https:\/\/residenciaslatorreta.com\/wp-content\/uploads\/2023\/06\/PHOTO-2023-06-15-11-41-01-1536x864.jpg 1536w, https:\/\/residenciaslatorreta.com\/wp-content\/uploads\/2023\/06\/PHOTO-2023-06-15-11-41-01-700x394.jpg 700w, https:\/\/residenciaslatorreta.com\/wp-content\/uploads\/2023\/06\/PHOTO-2023-06-15-11-41-01-539x303.jpg 539w, https:\/\/residenciaslatorreta.com\/wp-content\/uploads\/2023\/06\/PHOTO-2023-06-15-11-41-01.jpg 1920w\" sizes=\"auto, (max-width: 354px) 100vw, 354px\" \/><img loading=\"lazy\" decoding=\"async\" class=\"alignnone wp-image-5855\" src=\"https:\/\/residenciaslatorreta.com\/wp-content\/uploads\/2023\/06\/PHOTO-2023-06-15-11-24-11-300x169.jpg\" alt=\"Salida Playa Castelldefels La Torreta de Corbera\" width=\"349\" height=\"197\" srcset=\"https:\/\/residenciaslatorreta.com\/wp-content\/uploads\/2023\/06\/PHOTO-2023-06-15-11-24-11-300x169.jpg 300w, https:\/\/residenciaslatorreta.com\/wp-content\/uploads\/2023\/06\/PHOTO-2023-06-15-11-24-11-1024x576.jpg 1024w, https:\/\/residenciaslatorreta.com\/wp-content\/uploads\/2023\/06\/PHOTO-2023-06-15-11-24-11-768x432.jpg 768w, https:\/\/residenciaslatorreta.com\/wp-content\/uploads\/2023\/06\/PHOTO-2023-06-15-11-24-11-1536x864.jpg 1536w, https:\/\/residenciaslatorreta.com\/wp-content\/uploads\/2023\/06\/PHOTO-2023-06-15-11-24-11-700x394.jpg 700w, https:\/\/residenciaslatorreta.com\/wp-content\/uploads\/2023\/06\/PHOTO-2023-06-15-11-24-11-539x303.jpg 539w, https:\/\/residenciaslatorreta.com\/wp-content\/uploads\/2023\/06\/PHOTO-2023-06-15-11-24-11.jpg 1920w\" sizes=\"auto, (max-width: 349px) 100vw, 349px\" \/>\u00a0<img loading=\"lazy\" decoding=\"async\" class=\"alignnone wp-image-5859\" src=\"https:\/\/residenciaslatorreta.com\/wp-content\/uploads\/2023\/06\/PHOTO-2023-06-15-13-12-54-300x169.jpg\" alt=\"Salida Playa Castelldefels La Torreta de Corbera\" width=\"353\" height=\"199\" srcset=\"https:\/\/residenciaslatorreta.com\/wp-content\/uploads\/2023\/06\/PHOTO-2023-06-15-13-12-54-300x169.jpg 300w, https:\/\/residenciaslatorreta.com\/wp-content\/uploads\/2023\/06\/PHOTO-2023-06-15-13-12-54-1024x576.jpg 1024w, https:\/\/residenciaslatorreta.com\/wp-content\/uploads\/2023\/06\/PHOTO-2023-06-15-13-12-54-768x432.jpg 768w, https:\/\/residenciaslatorreta.com\/wp-content\/uploads\/2023\/06\/PHOTO-2023-06-15-13-12-54-1536x864.jpg 1536w, https:\/\/residenciaslatorreta.com\/wp-content\/uploads\/2023\/06\/PHOTO-2023-06-15-13-12-54-700x394.jpg 700w, https:\/\/residenciaslatorreta.com\/wp-content\/uploads\/2023\/06\/PHOTO-2023-06-15-13-12-54-539x303.jpg 539w, https:\/\/residenciaslatorreta.com\/wp-content\/uploads\/2023\/06\/PHOTO-2023-06-15-13-12-54.jpg 1599w\" sizes=\"auto, (max-width: 353px) 100vw, 353px\" \/> <img loading=\"lazy\" decoding=\"async\" class=\"alignnone wp-image-5853\" src=\"https:\/\/residenciaslatorreta.com\/wp-content\/uploads\/2023\/06\/PHOTO-2023-06-15-11-27-33-169x300.jpg\" alt=\"Salida Playa Castelldefels La Torreta de Corbera\" width=\"166\" height=\"295\" srcset=\"https:\/\/residenciaslatorreta.com\/wp-content\/uploads\/2023\/06\/PHOTO-2023-06-15-11-27-33-169x300.jpg 169w, https:\/\/residenciaslatorreta.com\/wp-content\/uploads\/2023\/06\/PHOTO-2023-06-15-11-27-33-576x1024.jpg 576w, https:\/\/residenciaslatorreta.com\/wp-content\/uploads\/2023\/06\/PHOTO-2023-06-15-11-27-33-768x1365.jpg 768w, https:\/\/residenciaslatorreta.com\/wp-content\/uploads\/2023\/06\/PHOTO-2023-06-15-11-27-33-864x1536.jpg 864w, https:\/\/residenciaslatorreta.com\/wp-content\/uploads\/2023\/06\/PHOTO-2023-06-15-11-27-33-700x1244.jpg 700w, https:\/\/residenciaslatorreta.com\/wp-content\/uploads\/2023\/06\/PHOTO-2023-06-15-11-27-33.jpg 1080w\" sizes=\"auto, (max-width: 166px) 100vw, 166px\" \/> <img loading=\"lazy\" decoding=\"async\" class=\"alignnone wp-image-5867\" src=\"https:\/\/residenciaslatorreta.com\/wp-content\/uploads\/2023\/06\/PHOTO-2023-06-15-21-00-27-225x300.jpg\" alt=\"Salida Playa Castelldefels La Torreta de Corbera\" width=\"220\" height=\"294\" srcset=\"https:\/\/residenciaslatorreta.com\/wp-content\/uploads\/2023\/06\/PHOTO-2023-06-15-21-00-27-225x300.jpg 225w, https:\/\/residenciaslatorreta.com\/wp-content\/uploads\/2023\/06\/PHOTO-2023-06-15-21-00-27-600x800.jpg 600w, https:\/\/residenciaslatorreta.com\/wp-content\/uploads\/2023\/06\/PHOTO-2023-06-15-21-00-27-700x933.jpg 700w, https:\/\/residenciaslatorreta.com\/wp-content\/uploads\/2023\/06\/PHOTO-2023-06-15-21-00-27.jpg 768w\" sizes=\"auto, (max-width: 220px) 100vw, 220px\" \/><\/p>\n<p>Tamb\u00e9 amb un grup d\u00b4usuaris del Centre de Dia de <strong>La Torreta Eixample el Prat <\/strong>vam fer un parell de sortides a principis de juny amb varis grups a la platja aprofitant que la tenim tant a prop.<\/p>\n<p><img loading=\"lazy\" decoding=\"async\" class=\"alignnone wp-image-5902\" src=\"https:\/\/residenciaslatorreta.com\/wp-content\/uploads\/2023\/06\/PHOTO-2023-06-08-08-23-17-169x300.jpg\" alt=\"Salida Playa Prat La Torreta Eixample El Prat\" width=\"128\" height=\"228\" srcset=\"https:\/\/residenciaslatorreta.com\/wp-content\/uploads\/2023\/06\/PHOTO-2023-06-08-08-23-17-169x300.jpg 169w, https:\/\/residenciaslatorreta.com\/wp-content\/uploads\/2023\/06\/PHOTO-2023-06-08-08-23-17-576x1024.jpg 576w, https:\/\/residenciaslatorreta.com\/wp-content\/uploads\/2023\/06\/PHOTO-2023-06-08-08-23-17-768x1366.jpg 768w, https:\/\/residenciaslatorreta.com\/wp-content\/uploads\/2023\/06\/PHOTO-2023-06-08-08-23-17-864x1536.jpg 864w, https:\/\/residenciaslatorreta.com\/wp-content\/uploads\/2023\/06\/PHOTO-2023-06-08-08-23-17-700x1245.jpg 700w, https:\/\/residenciaslatorreta.com\/wp-content\/uploads\/2023\/06\/PHOTO-2023-06-08-08-23-17.jpg 899w\" sizes=\"auto, (max-width: 128px) 100vw, 128px\" \/> <img loading=\"lazy\" decoding=\"async\" class=\"alignnone wp-image-5912\" src=\"https:\/\/residenciaslatorreta.com\/wp-content\/uploads\/2023\/06\/PHOTO-2023-06-29-13-30-52-2-225x300.jpg\" alt=\"Salida Playa Prat La Torreta Eixample El Prat\" width=\"171\" height=\"228\" srcset=\"https:\/\/residenciaslatorreta.com\/wp-content\/uploads\/2023\/06\/PHOTO-2023-06-29-13-30-52-2-225x300.jpg 225w, https:\/\/residenciaslatorreta.com\/wp-content\/uploads\/2023\/06\/PHOTO-2023-06-29-13-30-52-2-600x800.jpg 600w, https:\/\/residenciaslatorreta.com\/wp-content\/uploads\/2023\/06\/PHOTO-2023-06-29-13-30-52-2-700x933.jpg 700w, https:\/\/residenciaslatorreta.com\/wp-content\/uploads\/2023\/06\/PHOTO-2023-06-29-13-30-52-2.jpg 768w\" sizes=\"auto, (max-width: 171px) 100vw, 171px\" \/> <img loading=\"lazy\" decoding=\"async\" class=\"alignnone wp-image-5914\" src=\"https:\/\/residenciaslatorreta.com\/wp-content\/uploads\/2023\/06\/PHOTO-2023-06-29-13-30-53-225x300.jpg\" alt=\"Salida Playa Prat La Torreta Eixample El Prat\" width=\"170\" height=\"227\" srcset=\"https:\/\/residenciaslatorreta.com\/wp-content\/uploads\/2023\/06\/PHOTO-2023-06-29-13-30-53-225x300.jpg 225w, https:\/\/residenciaslatorreta.com\/wp-content\/uploads\/2023\/06\/PHOTO-2023-06-29-13-30-53-600x800.jpg 600w, https:\/\/residenciaslatorreta.com\/wp-content\/uploads\/2023\/06\/PHOTO-2023-06-29-13-30-53-700x933.jpg 700w, https:\/\/residenciaslatorreta.com\/wp-content\/uploads\/2023\/06\/PHOTO-2023-06-29-13-30-53.jpg 768w\" sizes=\"auto, (max-width: 170px) 100vw, 170px\" \/> <img loading=\"lazy\" decoding=\"async\" class=\"alignnone wp-image-5936 size-medium\" src=\"https:\/\/residenciaslatorreta.com\/wp-content\/uploads\/2023\/06\/PHOTO-2023-06-29-13-30-53-2-300x225.jpg\" alt=\"Salida Playa Prat La Torreta Eixample El Prat\" width=\"300\" height=\"225\" srcset=\"https:\/\/residenciaslatorreta.com\/wp-content\/uploads\/2023\/06\/PHOTO-2023-06-29-13-30-53-2-300x225.jpg 300w, https:\/\/residenciaslatorreta.com\/wp-content\/uploads\/2023\/06\/PHOTO-2023-06-29-13-30-53-2-768x576.jpg 768w, https:\/\/residenciaslatorreta.com\/wp-content\/uploads\/2023\/06\/PHOTO-2023-06-29-13-30-53-2-800x600.jpg 800w, https:\/\/residenciaslatorreta.com\/wp-content\/uploads\/2023\/06\/PHOTO-2023-06-29-13-30-53-2-700x525.jpg 700w, https:\/\/residenciaslatorreta.com\/wp-content\/uploads\/2023\/06\/PHOTO-2023-06-29-13-30-53-2.jpg 1024w\" sizes=\"auto, (max-width: 300px) 100vw, 300px\" \/>\u00a0<img loading=\"lazy\" decoding=\"async\" class=\"alignnone wp-image-5904\" src=\"https:\/\/residenciaslatorreta.com\/wp-content\/uploads\/2023\/06\/PHOTO-2023-06-08-08-23-18-copia-300x169.jpg\" alt=\"Salida Playa Prat La Torreta Eixample El Prat\" width=\"404\" height=\"227\" srcset=\"https:\/\/residenciaslatorreta.com\/wp-content\/uploads\/2023\/06\/PHOTO-2023-06-08-08-23-18-copia-300x169.jpg 300w, https:\/\/residenciaslatorreta.com\/wp-content\/uploads\/2023\/06\/PHOTO-2023-06-08-08-23-18-copia-1024x576.jpg 1024w, https:\/\/residenciaslatorreta.com\/wp-content\/uploads\/2023\/06\/PHOTO-2023-06-08-08-23-18-copia-768x432.jpg 768w, https:\/\/residenciaslatorreta.com\/wp-content\/uploads\/2023\/06\/PHOTO-2023-06-08-08-23-18-copia-1536x864.jpg 1536w, https:\/\/residenciaslatorreta.com\/wp-content\/uploads\/2023\/06\/PHOTO-2023-06-08-08-23-18-copia-700x394.jpg 700w, https:\/\/residenciaslatorreta.com\/wp-content\/uploads\/2023\/06\/PHOTO-2023-06-08-08-23-18-copia-539x303.jpg 539w, https:\/\/residenciaslatorreta.com\/wp-content\/uploads\/2023\/06\/PHOTO-2023-06-08-08-23-18-copia.jpg 1599w\" sizes=\"auto, (max-width: 404px) 100vw, 404px\" \/> <img loading=\"lazy\" decoding=\"async\" class=\"alignnone wp-image-5916\" src=\"https:\/\/residenciaslatorreta.com\/wp-content\/uploads\/2023\/06\/PHOTO-2023-06-29-13-30-53-3-300x225.jpg\" alt=\"Salida Playa Prat La Torreta Eixample El Prat\" width=\"306\" height=\"229\" srcset=\"https:\/\/residenciaslatorreta.com\/wp-content\/uploads\/2023\/06\/PHOTO-2023-06-29-13-30-53-3-300x225.jpg 300w, https:\/\/residenciaslatorreta.com\/wp-content\/uploads\/2023\/06\/PHOTO-2023-06-29-13-30-53-3-768x576.jpg 768w, https:\/\/residenciaslatorreta.com\/wp-content\/uploads\/2023\/06\/PHOTO-2023-06-29-13-30-53-3-800x600.jpg 800w, https:\/\/residenciaslatorreta.com\/wp-content\/uploads\/2023\/06\/PHOTO-2023-06-29-13-30-53-3-700x525.jpg 700w, https:\/\/residenciaslatorreta.com\/wp-content\/uploads\/2023\/06\/PHOTO-2023-06-29-13-30-53-3.jpg 1024w\" sizes=\"auto, (max-width: 306px) 100vw, 306px\" \/><\/p>\n<h5><strong>Sortida al Museu d\u00b4 Hist\u00f2ria de Catalunya\u00a0<\/strong><\/h5>\n<p>A mitjans de juny les nostres persones usu\u00e0ries de la resid\u00e8ncia <strong>La Torreta Eixample el Prat <\/strong>van passar el mat\u00ed en el Museu d\u00b4Hist\u00f2ria de Catalunya.<\/p>\n<p>Van poder tornar a viure com eren els habitatges als anys 30 i 60 i fins i tot es van poder tornar a sentir com a nens tornant a l\u00b4escola! . Durant la visita varis voluntaris de Fundaci\u00f3 La Caixa van acompanyar al nostre equip de professionals fent la visita m\u00e9s complerta i especial.<\/p>\n<p>Per arrodonir el dia abans de tornar al centre vam acabar dinant a un restaurant del Prat.<\/p>\n<p><img loading=\"lazy\" decoding=\"async\" class=\"alignnone wp-image-5873 size-medium\" src=\"https:\/\/residenciaslatorreta.com\/wp-content\/uploads\/2023\/06\/IMG_4004-300x225.jpg\" alt=\"Salida Museo de Historia de Catalunya La Torreta Eixample El Prat\" width=\"300\" height=\"225\" srcset=\"https:\/\/residenciaslatorreta.com\/wp-content\/uploads\/2023\/06\/IMG_4004-300x225.jpg 300w, https:\/\/residenciaslatorreta.com\/wp-content\/uploads\/2023\/06\/IMG_4004-1024x768.jpg 1024w, https:\/\/residenciaslatorreta.com\/wp-content\/uploads\/2023\/06\/IMG_4004-768x576.jpg 768w, https:\/\/residenciaslatorreta.com\/wp-content\/uploads\/2023\/06\/IMG_4004-1536x1152.jpg 1536w, https:\/\/residenciaslatorreta.com\/wp-content\/uploads\/2023\/06\/IMG_4004-2048x1536.jpg 2048w, https:\/\/residenciaslatorreta.com\/wp-content\/uploads\/2023\/06\/IMG_4004-800x600.jpg 800w, https:\/\/residenciaslatorreta.com\/wp-content\/uploads\/2023\/06\/IMG_4004-700x525.jpg 700w\" sizes=\"auto, (max-width: 300px) 100vw, 300px\" \/> <img loading=\"lazy\" decoding=\"async\" class=\"alignnone wp-image-5877 size-medium\" src=\"https:\/\/residenciaslatorreta.com\/wp-content\/uploads\/2023\/06\/IMG_4005-300x225.jpg\" alt=\"Salida Museo de Historia de Catalunya La Torreta Eixample El Prat\" width=\"300\" height=\"225\" srcset=\"https:\/\/residenciaslatorreta.com\/wp-content\/uploads\/2023\/06\/IMG_4005-300x225.jpg 300w, https:\/\/residenciaslatorreta.com\/wp-content\/uploads\/2023\/06\/IMG_4005-1024x768.jpg 1024w, https:\/\/residenciaslatorreta.com\/wp-content\/uploads\/2023\/06\/IMG_4005-768x576.jpg 768w, https:\/\/residenciaslatorreta.com\/wp-content\/uploads\/2023\/06\/IMG_4005-1536x1152.jpg 1536w, https:\/\/residenciaslatorreta.com\/wp-content\/uploads\/2023\/06\/IMG_4005-2048x1536.jpg 2048w, https:\/\/residenciaslatorreta.com\/wp-content\/uploads\/2023\/06\/IMG_4005-800x600.jpg 800w, https:\/\/residenciaslatorreta.com\/wp-content\/uploads\/2023\/06\/IMG_4005-700x525.jpg 700w\" sizes=\"auto, (max-width: 300px) 100vw, 300px\" \/> <img loading=\"lazy\" decoding=\"async\" class=\"alignnone wp-image-5875 size-medium\" src=\"https:\/\/residenciaslatorreta.com\/wp-content\/uploads\/2023\/06\/IMG_4006-300x225.jpg\" alt=\"Salida Museo de Historia de Catalunya La Torreta Eixample El Prat\" width=\"300\" height=\"225\" srcset=\"https:\/\/residenciaslatorreta.com\/wp-content\/uploads\/2023\/06\/IMG_4006-300x225.jpg 300w, https:\/\/residenciaslatorreta.com\/wp-content\/uploads\/2023\/06\/IMG_4006-1024x768.jpg 1024w, https:\/\/residenciaslatorreta.com\/wp-content\/uploads\/2023\/06\/IMG_4006-768x576.jpg 768w, https:\/\/residenciaslatorreta.com\/wp-content\/uploads\/2023\/06\/IMG_4006-1536x1152.jpg 1536w, https:\/\/residenciaslatorreta.com\/wp-content\/uploads\/2023\/06\/IMG_4006-2048x1536.jpg 2048w, https:\/\/residenciaslatorreta.com\/wp-content\/uploads\/2023\/06\/IMG_4006-800x600.jpg 800w, https:\/\/residenciaslatorreta.com\/wp-content\/uploads\/2023\/06\/IMG_4006-700x525.jpg 700w\" sizes=\"auto, (max-width: 300px) 100vw, 300px\" \/> <img loading=\"lazy\" decoding=\"async\" class=\"alignnone wp-image-5880 size-medium\" src=\"https:\/\/residenciaslatorreta.com\/wp-content\/uploads\/2023\/06\/IMG_4038-300x225.jpg\" alt=\"Salida Museo de Historia de Catalunya La Torreta Eixample El Prat\" width=\"300\" height=\"225\" srcset=\"https:\/\/residenciaslatorreta.com\/wp-content\/uploads\/2023\/06\/IMG_4038-300x225.jpg 300w, https:\/\/residenciaslatorreta.com\/wp-content\/uploads\/2023\/06\/IMG_4038-1024x768.jpg 1024w, https:\/\/residenciaslatorreta.com\/wp-content\/uploads\/2023\/06\/IMG_4038-768x576.jpg 768w, https:\/\/residenciaslatorreta.com\/wp-content\/uploads\/2023\/06\/IMG_4038-1536x1152.jpg 1536w, https:\/\/residenciaslatorreta.com\/wp-content\/uploads\/2023\/06\/IMG_4038-2048x1536.jpg 2048w, https:\/\/residenciaslatorreta.com\/wp-content\/uploads\/2023\/06\/IMG_4038-800x600.jpg 800w, https:\/\/residenciaslatorreta.com\/wp-content\/uploads\/2023\/06\/IMG_4038-700x525.jpg 700w\" sizes=\"auto, (max-width: 300px) 100vw, 300px\" \/> <img loading=\"lazy\" decoding=\"async\" class=\"alignnone wp-image-5882\" src=\"https:\/\/residenciaslatorreta.com\/wp-content\/uploads\/2023\/06\/IMG_4114-300x225.jpg\" alt=\"Salida Museo de Historia de Catalunya La Torreta Eixample El Prat\" width=\"298\" height=\"223\" srcset=\"https:\/\/residenciaslatorreta.com\/wp-content\/uploads\/2023\/06\/IMG_4114-300x225.jpg 300w, https:\/\/residenciaslatorreta.com\/wp-content\/uploads\/2023\/06\/IMG_4114-1024x768.jpg 1024w, https:\/\/residenciaslatorreta.com\/wp-content\/uploads\/2023\/06\/IMG_4114-768x576.jpg 768w, https:\/\/residenciaslatorreta.com\/wp-content\/uploads\/2023\/06\/IMG_4114-1536x1152.jpg 1536w, https:\/\/residenciaslatorreta.com\/wp-content\/uploads\/2023\/06\/IMG_4114-2048x1536.jpg 2048w, https:\/\/residenciaslatorreta.com\/wp-content\/uploads\/2023\/06\/IMG_4114-800x600.jpg 800w, https:\/\/residenciaslatorreta.com\/wp-content\/uploads\/2023\/06\/IMG_4114-700x525.jpg 700w\" sizes=\"auto, (max-width: 298px) 100vw, 298px\" \/>\u00a0 <img loading=\"lazy\" decoding=\"async\" class=\"alignnone wp-image-5890 size-medium\" src=\"https:\/\/residenciaslatorreta.com\/wp-content\/uploads\/2023\/06\/IMG_4089-300x225.jpg\" alt=\"Salida Museo de Historia de Catalunya La Torreta Eixample El Prat\" width=\"300\" height=\"225\" srcset=\"https:\/\/residenciaslatorreta.com\/wp-content\/uploads\/2023\/06\/IMG_4089-300x225.jpg 300w, https:\/\/residenciaslatorreta.com\/wp-content\/uploads\/2023\/06\/IMG_4089-1024x768.jpg 1024w, https:\/\/residenciaslatorreta.com\/wp-content\/uploads\/2023\/06\/IMG_4089-768x576.jpg 768w, https:\/\/residenciaslatorreta.com\/wp-content\/uploads\/2023\/06\/IMG_4089-1536x1152.jpg 1536w, https:\/\/residenciaslatorreta.com\/wp-content\/uploads\/2023\/06\/IMG_4089-2048x1536.jpg 2048w, https:\/\/residenciaslatorreta.com\/wp-content\/uploads\/2023\/06\/IMG_4089-800x600.jpg 800w, https:\/\/residenciaslatorreta.com\/wp-content\/uploads\/2023\/06\/IMG_4089-700x525.jpg 700w\" sizes=\"auto, (max-width: 300px) 100vw, 300px\" \/> <img loading=\"lazy\" decoding=\"async\" class=\"alignnone wp-image-5892 size-medium\" src=\"https:\/\/residenciaslatorreta.com\/wp-content\/uploads\/2023\/06\/IMG_4228-300x225.jpg\" alt=\"Salida Museo de Historia de Catalunya La Torreta Eixample El Prat\" width=\"300\" height=\"225\" srcset=\"https:\/\/residenciaslatorreta.com\/wp-content\/uploads\/2023\/06\/IMG_4228-300x225.jpg 300w, https:\/\/residenciaslatorreta.com\/wp-content\/uploads\/2023\/06\/IMG_4228-1024x768.jpg 1024w, https:\/\/residenciaslatorreta.com\/wp-content\/uploads\/2023\/06\/IMG_4228-768x576.jpg 768w, https:\/\/residenciaslatorreta.com\/wp-content\/uploads\/2023\/06\/IMG_4228-1536x1152.jpg 1536w, https:\/\/residenciaslatorreta.com\/wp-content\/uploads\/2023\/06\/IMG_4228-2048x1536.jpg 2048w, https:\/\/residenciaslatorreta.com\/wp-content\/uploads\/2023\/06\/IMG_4228-800x600.jpg 800w, https:\/\/residenciaslatorreta.com\/wp-content\/uploads\/2023\/06\/IMG_4228-700x525.jpg 700w\" sizes=\"auto, (max-width: 300px) 100vw, 300px\" \/> <img loading=\"lazy\" decoding=\"async\" class=\"alignnone wp-image-5896 size-medium\" src=\"https:\/\/residenciaslatorreta.com\/wp-content\/uploads\/2023\/06\/PHOTO-2023-06-15-14-47-10-300x225.jpg\" alt=\"Salida Museo de Historia de Catalunya La Torreta Eixample El Prat\" width=\"300\" height=\"225\" srcset=\"https:\/\/residenciaslatorreta.com\/wp-content\/uploads\/2023\/06\/PHOTO-2023-06-15-14-47-10-300x225.jpg 300w, https:\/\/residenciaslatorreta.com\/wp-content\/uploads\/2023\/06\/PHOTO-2023-06-15-14-47-10-768x576.jpg 768w, https:\/\/residenciaslatorreta.com\/wp-content\/uploads\/2023\/06\/PHOTO-2023-06-15-14-47-10-800x600.jpg 800w, https:\/\/residenciaslatorreta.com\/wp-content\/uploads\/2023\/06\/PHOTO-2023-06-15-14-47-10-700x525.jpg 700w, https:\/\/residenciaslatorreta.com\/wp-content\/uploads\/2023\/06\/PHOTO-2023-06-15-14-47-10.jpg 1024w\" sizes=\"auto, (max-width: 300px) 100vw, 300px\" \/><\/p>\n<p>Seguim preparant noves activitats que anireu coneixent molt aviat a les nostres xarxes socials i al nostre blog!<\/p>\n<p>&nbsp;<\/p>\n<p>&nbsp;<\/p>\n<p>&nbsp;<\/p>\n<p>&nbsp;<\/p>\n<p>&nbsp;<\/p>\n<p>&nbsp;<\/p>\n<p>&nbsp;<\/p>\n","protected":false},"excerpt":{"rendered":"<p>Activitats exteriors de Primavera a Resid\u00e8ncies La Torreta &nbsp; A Resid\u00e8ncies La Torreta fomentem les activitats de les nostres persones residents dins i fora del centre tal com farien a la seva pr\u00f2pia llar. Aquesta primavera hem pogut gaudir de diverses sortides organitzades pel nostre&#8230;<\/p>\n","protected":false},"author":5,"featured_media":5911,"comment_status":"closed","ping_status":"open","sticky":false,"template":"","format":"standard","meta":{"footnotes":""},"categories":[30],"tags":[],"yst_prominent_words":[],"class_list":["post-5942","post","type-post","status-publish","format-standard","has-post-thumbnail","hentry","category-actualidad-ca"],"_links":{"self":[{"href":"https:\/\/residenciaslatorreta.com\/ca\/wp-json\/wp\/v2\/posts\/5942","targetHints":{"allow":["GET"]}}],"collection":[{"href":"https:\/\/residenciaslatorreta.com\/ca\/wp-json\/wp\/v2\/posts"}],"about":[{"href":"https:\/\/residenciaslatorreta.com\/ca\/wp-json\/wp\/v2\/types\/post"}],"author":[{"embeddable":true,"href":"https:\/\/residenciaslatorreta.com\/ca\/wp-json\/wp\/v2\/users\/5"}],"replies":[{"embeddable":true,"href":"https:\/\/residenciaslatorreta.com\/ca\/wp-json\/wp\/v2\/comments?post=5942"}],"version-history":[{"count":8,"href":"https:\/\/residenciaslatorreta.com\/ca\/wp-json\/wp\/v2\/posts\/5942\/revisions"}],"predecessor-version":[{"id":5952,"href":"https:\/\/residenciaslatorreta.com\/ca\/wp-json\/wp\/v2\/posts\/5942\/revisions\/5952"}],"wp:featuredmedia":[{"embeddable":true,"href":"https:\/\/residenciaslatorreta.com\/ca\/wp-json\/wp\/v2\/media\/5911"}],"wp:attachment":[{"href":"https:\/\/residenciaslatorreta.com\/ca\/wp-json\/wp\/v2\/media?parent=5942"}],"wp:term":[{"taxonomy":"category","embeddable":true,"href":"https:\/\/residenciaslatorreta.com\/ca\/wp-json\/wp\/v2\/categories?post=5942"},{"taxonomy":"post_tag","embeddable":true,"href":"https:\/\/residenciaslatorreta.com\/ca\/wp-json\/wp\/v2\/tags?post=5942"},{"taxonomy":"yst_prominent_words","embeddable":true,"href":"https:\/\/residenciaslatorreta.com\/ca\/wp-json\/wp\/v2\/yst_prominent_words?post=5942"}],"curies":[{"name":"wp","href":"https:\/\/api.w.org\/{rel}","templated":true}]}}