{"id":5763,"date":"2023-06-19T00:00:40","date_gmt":"2023-06-19T00:00:40","guid":{"rendered":"https:\/\/residenciaslatorreta.com\/activamente-comprometidos-la-igualdad\/"},"modified":"2023-06-19T09:33:47","modified_gmt":"2023-06-19T09:33:47","slug":"activamente-comprometidos-la-igualdad","status":"publish","type":"post","link":"https:\/\/residenciaslatorreta.com\/ca\/activamente-comprometidos-la-igualdad\/","title":{"rendered":"Activament Compromesos amb la Igualtat"},"content":{"rendered":"<h3>Per la diversitat i la igualtat d\u00b4 oportunitats<\/h3>\n<p>&nbsp;<\/p>\n<p>El Pla d\u00b4Igualtat \u00e9s un <strong>document<\/strong> que <strong>recull la situaci\u00f3 d\u00b4igualtat<\/strong> de l \u00b4empresa respecte a certs \u00e0mbits, aix\u00ed com les <strong>actuacions<\/strong> per reduir la discriminaci\u00f3 per g\u00e8nere \u00e9s a dir, <strong>igualtat entre homes i dones<\/strong> i\/o fomentar la igualtat.<\/p>\n<p>Durant l\u2019any 2022 la Resid\u00e8ncia Eixample el Prat va treballar fermament amb l\u2019objectiu d\u2019elaborar i implementar el seu primer Pla d\u2019Igualtat. Va ser un treball intens i persistent que juntament amb les representacions sindicals i les portaveus de les persones treballadores de l\u2019organitzaci\u00f3 va fer possible que en data 22 de novembre de 2022 qued\u00e9s formalment inscrit \u00a0el Pla d\u2019Igualtat al Registre de convenis col\u00b7lectius, acords col\u00b7lectius de treball i Plans d\u2019igualtat dels Serveis Territorials del Departament de Treball de la Generalitat de Catalunya.<\/p>\n<p>Fer-ho possible ha implicat treballar intensament, revisant i analitzant la nostra realitat, els nostres indicadors de gesti\u00f3, els nostres processos. Fer-ho possible ha requerit de la nostra humilitat i auto responsabilitat per analitzar-ho tot amb esperit de millora, no \u00fanicament per la necessitat de complir amb la normativa legal d\u2019aplicaci\u00f3, sin\u00f3 des de la coher\u00e8ncia amb la nostra identitat i la nostra filosofia com a organitzaci\u00f3. La igualtat \u00e9s cosa de tots i totes i les empreses i organitzacions tenim el deure i la responsabilitat de fer -la efectivament possible.<\/p>\n<p>Tenim per endavant 11 objectius que son el reflex de la nostra ferma voluntat de garantir una correcte gesti\u00f3 de la diversitat treballant per a aconseguir la efectiva igualtat d\u2019oportunitats de totes les persones que treballen i\/o es relacionen amb la nostra organitzaci\u00f3 m\u00e9s enll\u00e0 de la seva condici\u00f3, que \u00e9s precisament el que les fa \u00faniques.<\/p>\n<p>En tots i cadascun dels 11 objectius treballarem de manera constant comptant amb la col\u00b7laboraci\u00f3 efectiva de totes les persones integrants de la comissi\u00f3 d\u2019igualtat i amb tot el personal de l\u2019organitzaci\u00f3 que amb la seva participaci\u00f3 i confiem pro activitat faran d\u2019aquest primer Pla d\u2019Igualtat un referent sectorial.<\/p>\n<p>&nbsp;<\/p>\n<p>MEMBRES DE LA\u00a0 COMISSI\u00d3 IGUALTAT<\/p>\n<p>&nbsp;<\/p>\n<p>El Prat de Llobregat 19 de juny de 2023<\/p>\n<p>&nbsp;<\/p>\n<p>&nbsp;<\/p>\n<p>&nbsp;<\/p>\n<p>&nbsp;<\/p>\n","protected":false},"excerpt":{"rendered":"<p>Per la diversitat i la igualtat d\u00b4 oportunitats &nbsp; El Pla d\u00b4Igualtat \u00e9s un document que recull la situaci\u00f3 d\u00b4igualtat de l \u00b4empresa respecte a certs \u00e0mbits, aix\u00ed com les actuacions per reduir la discriminaci\u00f3 per g\u00e8nere \u00e9s a dir, igualtat entre homes i dones&#8230;<\/p>\n","protected":false},"author":5,"featured_media":6266,"comment_status":"closed","ping_status":"open","sticky":false,"template":"","format":"standard","meta":{"footnotes":""},"categories":[32],"tags":[],"yst_prominent_words":[],"class_list":["post-5763","post","type-post","status-publish","format-standard","has-post-thumbnail","hentry","category-comunicados-ca"],"_links":{"self":[{"href":"https:\/\/residenciaslatorreta.com\/ca\/wp-json\/wp\/v2\/posts\/5763","targetHints":{"allow":["GET"]}}],"collection":[{"href":"https:\/\/residenciaslatorreta.com\/ca\/wp-json\/wp\/v2\/posts"}],"about":[{"href":"https:\/\/residenciaslatorreta.com\/ca\/wp-json\/wp\/v2\/types\/post"}],"author":[{"embeddable":true,"href":"https:\/\/residenciaslatorreta.com\/ca\/wp-json\/wp\/v2\/users\/5"}],"replies":[{"embeddable":true,"href":"https:\/\/residenciaslatorreta.com\/ca\/wp-json\/wp\/v2\/comments?post=5763"}],"version-history":[{"count":4,"href":"https:\/\/residenciaslatorreta.com\/ca\/wp-json\/wp\/v2\/posts\/5763\/revisions"}],"predecessor-version":[{"id":5775,"href":"https:\/\/residenciaslatorreta.com\/ca\/wp-json\/wp\/v2\/posts\/5763\/revisions\/5775"}],"wp:featuredmedia":[{"embeddable":true,"href":"https:\/\/residenciaslatorreta.com\/ca\/wp-json\/wp\/v2\/media\/6266"}],"wp:attachment":[{"href":"https:\/\/residenciaslatorreta.com\/ca\/wp-json\/wp\/v2\/media?parent=5763"}],"wp:term":[{"taxonomy":"category","embeddable":true,"href":"https:\/\/residenciaslatorreta.com\/ca\/wp-json\/wp\/v2\/categories?post=5763"},{"taxonomy":"post_tag","embeddable":true,"href":"https:\/\/residenciaslatorreta.com\/ca\/wp-json\/wp\/v2\/tags?post=5763"},{"taxonomy":"yst_prominent_words","embeddable":true,"href":"https:\/\/residenciaslatorreta.com\/ca\/wp-json\/wp\/v2\/yst_prominent_words?post=5763"}],"curies":[{"name":"wp","href":"https:\/\/api.w.org\/{rel}","templated":true}]}}