{"id":5659,"date":"2023-06-01T00:00:52","date_gmt":"2023-06-01T00:00:52","guid":{"rendered":"https:\/\/residenciaslatorreta.com\/concurso-cara-me-suena\/"},"modified":"2023-06-01T08:45:26","modified_gmt":"2023-06-01T08:45:26","slug":"concurso-cara-me-suena","status":"publish","type":"post","link":"https:\/\/residenciaslatorreta.com\/ca\/concurso-cara-me-suena\/","title":{"rendered":"Tu Cara Me Suena arriba a La Torreta Eixample El Prat"},"content":{"rendered":"<h3>Les nostres persones grans s\u00b4ho mereixen tot<\/h3>\n<p>&nbsp;<\/p>\n<p>Les activitats que vam fer durant Carnestoltes van tenir una acollida molt positiva tant per part de les fam\u00edlies com per part dels treballadors i treballadores de la <strong>Resid\u00e8ncia La Torreta Eixample El Prat.<\/strong><\/p>\n<p>Per aquesta ra\u00f3 el nostre equip de professionals va pensar en preparar amb m\u00e9s temps el fam\u00f3s concurs &#8220;Tu cara me suena&#8221; en qu\u00e8 han participat treballadors i treballadores de la resid\u00e8ncia i Centre de Dia i familiars de les persones residents.<\/p>\n<p>Un event pensat i fet per les nostres <strong>persones grans<\/strong> que s \u00b4ho mereixen tot. Per aix\u00f2 no pod\u00edem pensar en un jurat millor que ells mateixos format per 8 persones, 2 de cada planta i 2 del Centre de Dia.<\/p>\n<p><strong>Simplement els millors<\/strong><\/p>\n<p>Durant el concurs vam poder gaudir de molt bones imitacions de famosos com Pimpinela,Shakira, Masiel, Raphael&#8230;i d\u00b4actuacions de ball com la c\u00fambia, la rumba i fins i tot una mu\u00f1eira.<\/p>\n<p>Com a final estrella vam tenir una actuaci\u00f3 sorpresa de la gran Tina Turner a c\u00e0rrec de Charo del Centre de Dia que va dedicar la can\u00e7\u00f3 &#8220;Simply the Best&#8221; a totes les nostres persones usu\u00e0ries i residents.<\/p>\n<p>Despr\u00e9s d\u00b4estar molt renyit, van rebre un premi les actuacions de Raphael, del ball de la c\u00fambia i de la parella Pimpinela i un detall tots els participants fet pels nostres residents.<\/p>\n<p>Des de familiars i professionals del centre, equip d\u00b4auxiliars, cuina, perruqueria, centre de dia, bugaderia, neteja, educadora social, terapeuta ocupacional, fisioter\u00e0pia, treballadora social, recursos humans, administraci\u00f3 i direcci\u00f3 moltes gr\u00e0cies a Yolanda , Jennifer, Juan Manuel, Sara, Maribel, Odet i la seva filla, Ana e Isaac, Rosa, Charo, Nerea, Luisa, Juanki, Cristian, Marta, M\u00aa \u00c0ngels, Tamara, Mar\u00eda i Nieves, Susana i Viviana, Mar, Lorena, Laura, Gerard i Cristina.<\/p>\n<p>Aqu\u00ed us deixem les imatges del bonic dia que vam passar!<\/p>\n<p><img loading=\"lazy\" decoding=\"async\" class=\"alignnone size-medium wp-image-5568\" src=\"https:\/\/residenciaslatorreta.com\/wp-content\/uploads\/2023\/05\/IMG_3338-225x300.jpg\" alt=\"Concurso Tu Cara me Suena La Torreta Eixample El Prat\" width=\"225\" height=\"300\" srcset=\"https:\/\/residenciaslatorreta.com\/wp-content\/uploads\/2023\/05\/IMG_3338-225x300.jpg 225w, https:\/\/residenciaslatorreta.com\/wp-content\/uploads\/2023\/05\/IMG_3338-768x1024.jpg 768w, https:\/\/residenciaslatorreta.com\/wp-content\/uploads\/2023\/05\/IMG_3338-1152x1536.jpg 1152w, https:\/\/residenciaslatorreta.com\/wp-content\/uploads\/2023\/05\/IMG_3338-1536x2048.jpg 1536w, https:\/\/residenciaslatorreta.com\/wp-content\/uploads\/2023\/05\/IMG_3338-600x800.jpg 600w, https:\/\/residenciaslatorreta.com\/wp-content\/uploads\/2023\/05\/IMG_3338-700x933.jpg 700w, https:\/\/residenciaslatorreta.com\/wp-content\/uploads\/2023\/05\/IMG_3338-scaled.jpg 1920w\" sizes=\"auto, (max-width: 225px) 100vw, 225px\" \/> <img loading=\"lazy\" decoding=\"async\" class=\"alignnone size-medium wp-image-5570\" src=\"https:\/\/residenciaslatorreta.com\/wp-content\/uploads\/2023\/05\/IMG_3352-225x300.jpg\" alt=\"\" width=\"225\" height=\"300\" srcset=\"https:\/\/residenciaslatorreta.com\/wp-content\/uploads\/2023\/05\/IMG_3352-225x300.jpg 225w, https:\/\/residenciaslatorreta.com\/wp-content\/uploads\/2023\/05\/IMG_3352-768x1024.jpg 768w, https:\/\/residenciaslatorreta.com\/wp-content\/uploads\/2023\/05\/IMG_3352-1152x1536.jpg 1152w, https:\/\/residenciaslatorreta.com\/wp-content\/uploads\/2023\/05\/IMG_3352-1536x2048.jpg 1536w, https:\/\/residenciaslatorreta.com\/wp-content\/uploads\/2023\/05\/IMG_3352-600x800.jpg 600w, https:\/\/residenciaslatorreta.com\/wp-content\/uploads\/2023\/05\/IMG_3352-700x933.jpg 700w, https:\/\/residenciaslatorreta.com\/wp-content\/uploads\/2023\/05\/IMG_3352-scaled.jpg 1920w\" sizes=\"auto, (max-width: 225px) 100vw, 225px\" \/> <img loading=\"lazy\" decoding=\"async\" class=\"alignnone size-medium wp-image-5572\" src=\"https:\/\/residenciaslatorreta.com\/wp-content\/uploads\/2023\/05\/IMG_3370-225x300.jpg\" alt=\"\" width=\"225\" height=\"300\" srcset=\"https:\/\/residenciaslatorreta.com\/wp-content\/uploads\/2023\/05\/IMG_3370-225x300.jpg 225w, https:\/\/residenciaslatorreta.com\/wp-content\/uploads\/2023\/05\/IMG_3370-768x1024.jpg 768w, https:\/\/residenciaslatorreta.com\/wp-content\/uploads\/2023\/05\/IMG_3370-1152x1536.jpg 1152w, https:\/\/residenciaslatorreta.com\/wp-content\/uploads\/2023\/05\/IMG_3370-1536x2048.jpg 1536w, https:\/\/residenciaslatorreta.com\/wp-content\/uploads\/2023\/05\/IMG_3370-600x800.jpg 600w, https:\/\/residenciaslatorreta.com\/wp-content\/uploads\/2023\/05\/IMG_3370-700x933.jpg 700w, https:\/\/residenciaslatorreta.com\/wp-content\/uploads\/2023\/05\/IMG_3370-scaled.jpg 1920w\" sizes=\"auto, (max-width: 225px) 100vw, 225px\" \/> <img loading=\"lazy\" decoding=\"async\" class=\"alignnone wp-image-5574\" src=\"https:\/\/residenciaslatorreta.com\/wp-content\/uploads\/2023\/05\/IMG_3397-300x225.jpg\" alt=\"Concurso Tu Cara me Suena La Torreta Eixample El Prat\" width=\"399\" height=\"299\" srcset=\"https:\/\/residenciaslatorreta.com\/wp-content\/uploads\/2023\/05\/IMG_3397-300x225.jpg 300w, https:\/\/residenciaslatorreta.com\/wp-content\/uploads\/2023\/05\/IMG_3397-1024x768.jpg 1024w, https:\/\/residenciaslatorreta.com\/wp-content\/uploads\/2023\/05\/IMG_3397-768x576.jpg 768w, https:\/\/residenciaslatorreta.com\/wp-content\/uploads\/2023\/05\/IMG_3397-1536x1152.jpg 1536w, https:\/\/residenciaslatorreta.com\/wp-content\/uploads\/2023\/05\/IMG_3397-2048x1536.jpg 2048w, https:\/\/residenciaslatorreta.com\/wp-content\/uploads\/2023\/05\/IMG_3397-800x600.jpg 800w, https:\/\/residenciaslatorreta.com\/wp-content\/uploads\/2023\/05\/IMG_3397-700x525.jpg 700w\" sizes=\"auto, (max-width: 399px) 100vw, 399px\" \/> <img loading=\"lazy\" decoding=\"async\" class=\"alignnone wp-image-5576\" src=\"https:\/\/residenciaslatorreta.com\/wp-content\/uploads\/2023\/05\/IMG_3415-225x300.jpg\" alt=\"Concurso Tu Cara me Suena La Torreta Eixample El Prat\" width=\"224\" height=\"299\" srcset=\"https:\/\/residenciaslatorreta.com\/wp-content\/uploads\/2023\/05\/IMG_3415-225x300.jpg 225w, https:\/\/residenciaslatorreta.com\/wp-content\/uploads\/2023\/05\/IMG_3415-768x1024.jpg 768w, https:\/\/residenciaslatorreta.com\/wp-content\/uploads\/2023\/05\/IMG_3415-1152x1536.jpg 1152w, https:\/\/residenciaslatorreta.com\/wp-content\/uploads\/2023\/05\/IMG_3415-1536x2048.jpg 1536w, https:\/\/residenciaslatorreta.com\/wp-content\/uploads\/2023\/05\/IMG_3415-600x800.jpg 600w, https:\/\/residenciaslatorreta.com\/wp-content\/uploads\/2023\/05\/IMG_3415-700x933.jpg 700w, https:\/\/residenciaslatorreta.com\/wp-content\/uploads\/2023\/05\/IMG_3415-scaled.jpg 1920w\" sizes=\"auto, (max-width: 224px) 100vw, 224px\" \/> <img loading=\"lazy\" decoding=\"async\" class=\"alignnone wp-image-5578 size-medium\" src=\"https:\/\/residenciaslatorreta.com\/wp-content\/uploads\/2023\/05\/IMG_3422-225x300.jpg\" alt=\"Concurso Tu Cara me Suena La Torreta Eixample El Prat\" width=\"225\" height=\"300\" srcset=\"https:\/\/residenciaslatorreta.com\/wp-content\/uploads\/2023\/05\/IMG_3422-225x300.jpg 225w, https:\/\/residenciaslatorreta.com\/wp-content\/uploads\/2023\/05\/IMG_3422-768x1024.jpg 768w, https:\/\/residenciaslatorreta.com\/wp-content\/uploads\/2023\/05\/IMG_3422-1152x1536.jpg 1152w, https:\/\/residenciaslatorreta.com\/wp-content\/uploads\/2023\/05\/IMG_3422-1536x2048.jpg 1536w, https:\/\/residenciaslatorreta.com\/wp-content\/uploads\/2023\/05\/IMG_3422-600x800.jpg 600w, https:\/\/residenciaslatorreta.com\/wp-content\/uploads\/2023\/05\/IMG_3422-700x933.jpg 700w, https:\/\/residenciaslatorreta.com\/wp-content\/uploads\/2023\/05\/IMG_3422-scaled.jpg 1920w\" sizes=\"auto, (max-width: 225px) 100vw, 225px\" \/> <img loading=\"lazy\" decoding=\"async\" class=\"alignnone wp-image-5580 \" src=\"https:\/\/residenciaslatorreta.com\/wp-content\/uploads\/2023\/05\/IMG_3446-300x225.jpg\" alt=\"Concurso Tu Cara me Suena La Torreta Eixample El Prat\" width=\"401\" height=\"301\" srcset=\"https:\/\/residenciaslatorreta.com\/wp-content\/uploads\/2023\/05\/IMG_3446-300x225.jpg 300w, https:\/\/residenciaslatorreta.com\/wp-content\/uploads\/2023\/05\/IMG_3446-1024x768.jpg 1024w, https:\/\/residenciaslatorreta.com\/wp-content\/uploads\/2023\/05\/IMG_3446-768x576.jpg 768w, https:\/\/residenciaslatorreta.com\/wp-content\/uploads\/2023\/05\/IMG_3446-1536x1152.jpg 1536w, https:\/\/residenciaslatorreta.com\/wp-content\/uploads\/2023\/05\/IMG_3446-2048x1536.jpg 2048w, https:\/\/residenciaslatorreta.com\/wp-content\/uploads\/2023\/05\/IMG_3446-800x600.jpg 800w, https:\/\/residenciaslatorreta.com\/wp-content\/uploads\/2023\/05\/IMG_3446-700x525.jpg 700w\" sizes=\"auto, (max-width: 401px) 100vw, 401px\" \/> <img loading=\"lazy\" decoding=\"async\" class=\"alignnone wp-image-5582 \" src=\"https:\/\/residenciaslatorreta.com\/wp-content\/uploads\/2023\/05\/IMG_3469-300x225.jpg\" alt=\"Concurso Tu Cara me Suena La Torreta Eixample El Prat\" width=\"401\" height=\"301\" srcset=\"https:\/\/residenciaslatorreta.com\/wp-content\/uploads\/2023\/05\/IMG_3469-300x225.jpg 300w, https:\/\/residenciaslatorreta.com\/wp-content\/uploads\/2023\/05\/IMG_3469-1024x768.jpg 1024w, https:\/\/residenciaslatorreta.com\/wp-content\/uploads\/2023\/05\/IMG_3469-768x576.jpg 768w, https:\/\/residenciaslatorreta.com\/wp-content\/uploads\/2023\/05\/IMG_3469-1536x1152.jpg 1536w, https:\/\/residenciaslatorreta.com\/wp-content\/uploads\/2023\/05\/IMG_3469-2048x1536.jpg 2048w, https:\/\/residenciaslatorreta.com\/wp-content\/uploads\/2023\/05\/IMG_3469-800x600.jpg 800w, https:\/\/residenciaslatorreta.com\/wp-content\/uploads\/2023\/05\/IMG_3469-700x525.jpg 700w\" sizes=\"auto, (max-width: 401px) 100vw, 401px\" \/> <img loading=\"lazy\" decoding=\"async\" class=\"alignnone wp-image-5632 size-medium\" src=\"https:\/\/residenciaslatorreta.com\/wp-content\/uploads\/2023\/05\/IMG_3429-225x300.jpg\" alt=\"Concurso Tu Cara me Suena La Torreta Eixample El Prat\" width=\"225\" height=\"300\" srcset=\"https:\/\/residenciaslatorreta.com\/wp-content\/uploads\/2023\/05\/IMG_3429-225x300.jpg 225w, https:\/\/residenciaslatorreta.com\/wp-content\/uploads\/2023\/05\/IMG_3429-768x1024.jpg 768w, https:\/\/residenciaslatorreta.com\/wp-content\/uploads\/2023\/05\/IMG_3429-1152x1536.jpg 1152w, https:\/\/residenciaslatorreta.com\/wp-content\/uploads\/2023\/05\/IMG_3429-1536x2048.jpg 1536w, https:\/\/residenciaslatorreta.com\/wp-content\/uploads\/2023\/05\/IMG_3429-600x800.jpg 600w, https:\/\/residenciaslatorreta.com\/wp-content\/uploads\/2023\/05\/IMG_3429-700x933.jpg 700w, https:\/\/residenciaslatorreta.com\/wp-content\/uploads\/2023\/05\/IMG_3429-scaled.jpg 1920w\" sizes=\"auto, (max-width: 225px) 100vw, 225px\" \/> <img loading=\"lazy\" decoding=\"async\" class=\"alignnone wp-image-5634 size-medium\" src=\"https:\/\/residenciaslatorreta.com\/wp-content\/uploads\/2023\/05\/IMG_3430-225x300.jpg\" alt=\"\" width=\"225\" height=\"300\" srcset=\"https:\/\/residenciaslatorreta.com\/wp-content\/uploads\/2023\/05\/IMG_3430-225x300.jpg 225w, https:\/\/residenciaslatorreta.com\/wp-content\/uploads\/2023\/05\/IMG_3430-768x1024.jpg 768w, https:\/\/residenciaslatorreta.com\/wp-content\/uploads\/2023\/05\/IMG_3430-1152x1536.jpg 1152w, https:\/\/residenciaslatorreta.com\/wp-content\/uploads\/2023\/05\/IMG_3430-1536x2048.jpg 1536w, https:\/\/residenciaslatorreta.com\/wp-content\/uploads\/2023\/05\/IMG_3430-600x800.jpg 600w, https:\/\/residenciaslatorreta.com\/wp-content\/uploads\/2023\/05\/IMG_3430-700x933.jpg 700w, https:\/\/residenciaslatorreta.com\/wp-content\/uploads\/2023\/05\/IMG_3430-scaled.jpg 1920w\" sizes=\"auto, (max-width: 225px) 100vw, 225px\" \/>\u00a0<img loading=\"lazy\" decoding=\"async\" class=\"alignnone wp-image-5645\" src=\"https:\/\/residenciaslatorreta.com\/wp-content\/uploads\/2023\/05\/IMG_3427-225x300.jpg\" alt=\"Concurso Tu Cara me Suena La Torreta Eixample El Prat\" width=\"225\" height=\"300\" srcset=\"https:\/\/residenciaslatorreta.com\/wp-content\/uploads\/2023\/05\/IMG_3427-225x300.jpg 225w, https:\/\/residenciaslatorreta.com\/wp-content\/uploads\/2023\/05\/IMG_3427-768x1024.jpg 768w, https:\/\/residenciaslatorreta.com\/wp-content\/uploads\/2023\/05\/IMG_3427-1152x1536.jpg 1152w, https:\/\/residenciaslatorreta.com\/wp-content\/uploads\/2023\/05\/IMG_3427-1536x2048.jpg 1536w, https:\/\/residenciaslatorreta.com\/wp-content\/uploads\/2023\/05\/IMG_3427-600x800.jpg 600w, https:\/\/residenciaslatorreta.com\/wp-content\/uploads\/2023\/05\/IMG_3427-700x933.jpg 700w, https:\/\/residenciaslatorreta.com\/wp-content\/uploads\/2023\/05\/IMG_3427-scaled.jpg 1920w\" sizes=\"auto, (max-width: 225px) 100vw, 225px\" \/> <img loading=\"lazy\" decoding=\"async\" class=\"alignnone wp-image-5584 \" src=\"https:\/\/residenciaslatorreta.com\/wp-content\/uploads\/2023\/05\/IMG_3495-225x300.jpg\" alt=\"Concurso Tu Cara me Suena La Torreta Eixample El Prat\" width=\"225\" height=\"300\" srcset=\"https:\/\/residenciaslatorreta.com\/wp-content\/uploads\/2023\/05\/IMG_3495-225x300.jpg 225w, https:\/\/residenciaslatorreta.com\/wp-content\/uploads\/2023\/05\/IMG_3495-768x1024.jpg 768w, https:\/\/residenciaslatorreta.com\/wp-content\/uploads\/2023\/05\/IMG_3495-1152x1536.jpg 1152w, https:\/\/residenciaslatorreta.com\/wp-content\/uploads\/2023\/05\/IMG_3495-1536x2048.jpg 1536w, https:\/\/residenciaslatorreta.com\/wp-content\/uploads\/2023\/05\/IMG_3495-600x800.jpg 600w, https:\/\/residenciaslatorreta.com\/wp-content\/uploads\/2023\/05\/IMG_3495-700x933.jpg 700w, https:\/\/residenciaslatorreta.com\/wp-content\/uploads\/2023\/05\/IMG_3495-scaled.jpg 1920w\" sizes=\"auto, (max-width: 225px) 100vw, 225px\" \/>\u00a0<img loading=\"lazy\" decoding=\"async\" class=\"alignnone wp-image-5606 size-medium\" src=\"https:\/\/residenciaslatorreta.com\/wp-content\/uploads\/2023\/05\/IMG_3776-177x300.jpg\" alt=\"Concurso Tu Cara me Suena La Torreta Eixample El Prat\" width=\"177\" height=\"300\" srcset=\"https:\/\/residenciaslatorreta.com\/wp-content\/uploads\/2023\/05\/IMG_3776-177x300.jpg 177w, https:\/\/residenciaslatorreta.com\/wp-content\/uploads\/2023\/05\/IMG_3776-604x1024.jpg 604w, https:\/\/residenciaslatorreta.com\/wp-content\/uploads\/2023\/05\/IMG_3776-768x1302.jpg 768w, https:\/\/residenciaslatorreta.com\/wp-content\/uploads\/2023\/05\/IMG_3776-906x1536.jpg 906w, https:\/\/residenciaslatorreta.com\/wp-content\/uploads\/2023\/05\/IMG_3776-1208x2048.jpg 1208w, https:\/\/residenciaslatorreta.com\/wp-content\/uploads\/2023\/05\/IMG_3776-700x1187.jpg 700w, https:\/\/residenciaslatorreta.com\/wp-content\/uploads\/2023\/05\/IMG_3776.jpg 1246w\" sizes=\"auto, (max-width: 177px) 100vw, 177px\" \/> <img loading=\"lazy\" decoding=\"async\" class=\"alignnone wp-image-5604 size-medium\" src=\"https:\/\/residenciaslatorreta.com\/wp-content\/uploads\/2023\/05\/IMG_3775-177x300.jpg\" alt=\"Concurso Tu Cara me Suena La Torreta Eixample El Prat\" width=\"177\" height=\"300\" srcset=\"https:\/\/residenciaslatorreta.com\/wp-content\/uploads\/2023\/05\/IMG_3775-177x300.jpg 177w, https:\/\/residenciaslatorreta.com\/wp-content\/uploads\/2023\/05\/IMG_3775-605x1024.jpg 605w, https:\/\/residenciaslatorreta.com\/wp-content\/uploads\/2023\/05\/IMG_3775-768x1299.jpg 768w, https:\/\/residenciaslatorreta.com\/wp-content\/uploads\/2023\/05\/IMG_3775-908x1536.jpg 908w, https:\/\/residenciaslatorreta.com\/wp-content\/uploads\/2023\/05\/IMG_3775-1210x2048.jpg 1210w, https:\/\/residenciaslatorreta.com\/wp-content\/uploads\/2023\/05\/IMG_3775-700x1184.jpg 700w, https:\/\/residenciaslatorreta.com\/wp-content\/uploads\/2023\/05\/IMG_3775.jpg 1253w\" sizes=\"auto, (max-width: 177px) 100vw, 177px\" \/> <img loading=\"lazy\" decoding=\"async\" class=\"alignnone size-medium wp-image-5592\" src=\"https:\/\/residenciaslatorreta.com\/wp-content\/uploads\/2023\/05\/IMG_3537-225x300.jpg\" alt=\"Concurso Tu Cara me Suena La Torreta Eixample El Prat\" width=\"225\" height=\"300\" srcset=\"https:\/\/residenciaslatorreta.com\/wp-content\/uploads\/2023\/05\/IMG_3537-225x300.jpg 225w, https:\/\/residenciaslatorreta.com\/wp-content\/uploads\/2023\/05\/IMG_3537-768x1024.jpg 768w, https:\/\/residenciaslatorreta.com\/wp-content\/uploads\/2023\/05\/IMG_3537-1152x1536.jpg 1152w, https:\/\/residenciaslatorreta.com\/wp-content\/uploads\/2023\/05\/IMG_3537-1536x2048.jpg 1536w, https:\/\/residenciaslatorreta.com\/wp-content\/uploads\/2023\/05\/IMG_3537-600x800.jpg 600w, https:\/\/residenciaslatorreta.com\/wp-content\/uploads\/2023\/05\/IMG_3537-700x933.jpg 700w, https:\/\/residenciaslatorreta.com\/wp-content\/uploads\/2023\/05\/IMG_3537-scaled.jpg 1920w\" sizes=\"auto, (max-width: 225px) 100vw, 225px\" \/> <img loading=\"lazy\" decoding=\"async\" class=\"alignnone size-medium wp-image-5594\" src=\"https:\/\/residenciaslatorreta.com\/wp-content\/uploads\/2023\/05\/IMG_3565-225x300.jpg\" alt=\"Concurso Tu Cara me Suena La Torreta Eixample El Prat\" width=\"225\" height=\"300\" srcset=\"https:\/\/residenciaslatorreta.com\/wp-content\/uploads\/2023\/05\/IMG_3565-225x300.jpg 225w, https:\/\/residenciaslatorreta.com\/wp-content\/uploads\/2023\/05\/IMG_3565-768x1024.jpg 768w, https:\/\/residenciaslatorreta.com\/wp-content\/uploads\/2023\/05\/IMG_3565-1152x1536.jpg 1152w, https:\/\/residenciaslatorreta.com\/wp-content\/uploads\/2023\/05\/IMG_3565-1536x2048.jpg 1536w, https:\/\/residenciaslatorreta.com\/wp-content\/uploads\/2023\/05\/IMG_3565-600x800.jpg 600w, https:\/\/residenciaslatorreta.com\/wp-content\/uploads\/2023\/05\/IMG_3565-700x933.jpg 700w, https:\/\/residenciaslatorreta.com\/wp-content\/uploads\/2023\/05\/IMG_3565-scaled.jpg 1920w\" sizes=\"auto, (max-width: 225px) 100vw, 225px\" \/> <img loading=\"lazy\" decoding=\"async\" class=\"alignnone size-medium wp-image-5590\" src=\"https:\/\/residenciaslatorreta.com\/wp-content\/uploads\/2023\/05\/IMG_3592-225x300.jpg\" alt=\"Concurso Tu Cara me Suena La Torreta Eixample El Prat\" width=\"225\" height=\"300\" srcset=\"https:\/\/residenciaslatorreta.com\/wp-content\/uploads\/2023\/05\/IMG_3592-225x300.jpg 225w, https:\/\/residenciaslatorreta.com\/wp-content\/uploads\/2023\/05\/IMG_3592-768x1024.jpg 768w, https:\/\/residenciaslatorreta.com\/wp-content\/uploads\/2023\/05\/IMG_3592-1152x1536.jpg 1152w, https:\/\/residenciaslatorreta.com\/wp-content\/uploads\/2023\/05\/IMG_3592-1536x2048.jpg 1536w, https:\/\/residenciaslatorreta.com\/wp-content\/uploads\/2023\/05\/IMG_3592-600x800.jpg 600w, https:\/\/residenciaslatorreta.com\/wp-content\/uploads\/2023\/05\/IMG_3592-700x933.jpg 700w, https:\/\/residenciaslatorreta.com\/wp-content\/uploads\/2023\/05\/IMG_3592-scaled.jpg 1920w\" sizes=\"auto, (max-width: 225px) 100vw, 225px\" \/> <img loading=\"lazy\" decoding=\"async\" class=\"alignnone wp-image-5598\" src=\"https:\/\/residenciaslatorreta.com\/wp-content\/uploads\/2023\/05\/IMG_3615-225x300.jpg\" alt=\"Concurso Tu Cara me Suena La Torreta Eixample El Prat\" width=\"225\" height=\"300\" srcset=\"https:\/\/residenciaslatorreta.com\/wp-content\/uploads\/2023\/05\/IMG_3615-225x300.jpg 225w, https:\/\/residenciaslatorreta.com\/wp-content\/uploads\/2023\/05\/IMG_3615-768x1024.jpg 768w, https:\/\/residenciaslatorreta.com\/wp-content\/uploads\/2023\/05\/IMG_3615-1152x1536.jpg 1152w, https:\/\/residenciaslatorreta.com\/wp-content\/uploads\/2023\/05\/IMG_3615-1536x2048.jpg 1536w, https:\/\/residenciaslatorreta.com\/wp-content\/uploads\/2023\/05\/IMG_3615-600x800.jpg 600w, https:\/\/residenciaslatorreta.com\/wp-content\/uploads\/2023\/05\/IMG_3615-700x933.jpg 700w, https:\/\/residenciaslatorreta.com\/wp-content\/uploads\/2023\/05\/IMG_3615-scaled.jpg 1920w\" sizes=\"auto, (max-width: 225px) 100vw, 225px\" \/> <img loading=\"lazy\" decoding=\"async\" class=\"alignnone wp-image-5602 \" src=\"https:\/\/residenciaslatorreta.com\/wp-content\/uploads\/2023\/05\/IMG_3643-300x225.jpg\" alt=\"Concurso Tu Cara me Suena La Torreta Eixample El Prat\" width=\"399\" height=\"299\" srcset=\"https:\/\/residenciaslatorreta.com\/wp-content\/uploads\/2023\/05\/IMG_3643-300x225.jpg 300w, https:\/\/residenciaslatorreta.com\/wp-content\/uploads\/2023\/05\/IMG_3643-1024x768.jpg 1024w, https:\/\/residenciaslatorreta.com\/wp-content\/uploads\/2023\/05\/IMG_3643-768x576.jpg 768w, https:\/\/residenciaslatorreta.com\/wp-content\/uploads\/2023\/05\/IMG_3643-1536x1152.jpg 1536w, https:\/\/residenciaslatorreta.com\/wp-content\/uploads\/2023\/05\/IMG_3643-2048x1536.jpg 2048w, https:\/\/residenciaslatorreta.com\/wp-content\/uploads\/2023\/05\/IMG_3643-800x600.jpg 800w, https:\/\/residenciaslatorreta.com\/wp-content\/uploads\/2023\/05\/IMG_3643-700x525.jpg 700w\" sizes=\"auto, (max-width: 399px) 100vw, 399px\" \/> <img loading=\"lazy\" decoding=\"async\" class=\"alignnone wp-image-5608 \" src=\"https:\/\/residenciaslatorreta.com\/wp-content\/uploads\/2023\/05\/IMG_3750-300x225.jpg\" alt=\"Concurso Tu Cara me Suena La Torreta Eixample El Prat\" width=\"397\" height=\"298\" srcset=\"https:\/\/residenciaslatorreta.com\/wp-content\/uploads\/2023\/05\/IMG_3750-300x225.jpg 300w, https:\/\/residenciaslatorreta.com\/wp-content\/uploads\/2023\/05\/IMG_3750-1024x768.jpg 1024w, https:\/\/residenciaslatorreta.com\/wp-content\/uploads\/2023\/05\/IMG_3750-768x576.jpg 768w, https:\/\/residenciaslatorreta.com\/wp-content\/uploads\/2023\/05\/IMG_3750-1536x1152.jpg 1536w, https:\/\/residenciaslatorreta.com\/wp-content\/uploads\/2023\/05\/IMG_3750-2048x1536.jpg 2048w, https:\/\/residenciaslatorreta.com\/wp-content\/uploads\/2023\/05\/IMG_3750-800x600.jpg 800w, https:\/\/residenciaslatorreta.com\/wp-content\/uploads\/2023\/05\/IMG_3750-700x525.jpg 700w\" sizes=\"auto, (max-width: 397px) 100vw, 397px\" \/> \u00a0<img loading=\"lazy\" decoding=\"async\" class=\"alignnone size-medium wp-image-5639\" src=\"https:\/\/residenciaslatorreta.com\/wp-content\/uploads\/2023\/05\/IMG_3669-225x300.jpg\" alt=\"Concurso Tu Cara me Suena La Torreta Eixample El Prat\" width=\"225\" height=\"300\" srcset=\"https:\/\/residenciaslatorreta.com\/wp-content\/uploads\/2023\/05\/IMG_3669-225x300.jpg 225w, https:\/\/residenciaslatorreta.com\/wp-content\/uploads\/2023\/05\/IMG_3669-768x1024.jpg 768w, https:\/\/residenciaslatorreta.com\/wp-content\/uploads\/2023\/05\/IMG_3669-1152x1536.jpg 1152w, https:\/\/residenciaslatorreta.com\/wp-content\/uploads\/2023\/05\/IMG_3669-1536x2048.jpg 1536w, https:\/\/residenciaslatorreta.com\/wp-content\/uploads\/2023\/05\/IMG_3669-600x800.jpg 600w, https:\/\/residenciaslatorreta.com\/wp-content\/uploads\/2023\/05\/IMG_3669-700x933.jpg 700w, https:\/\/residenciaslatorreta.com\/wp-content\/uploads\/2023\/05\/IMG_3669-scaled.jpg 1920w\" sizes=\"auto, (max-width: 225px) 100vw, 225px\" \/>\u00a0 <img loading=\"lazy\" decoding=\"async\" class=\"alignnone wp-image-5643\" src=\"https:\/\/residenciaslatorreta.com\/wp-content\/uploads\/2023\/05\/IMG_3681-300x225.jpg\" alt=\"Concurso Tu Cara me Suena La Torreta Eixample El Prat\" width=\"396\" height=\"297\" srcset=\"https:\/\/residenciaslatorreta.com\/wp-content\/uploads\/2023\/05\/IMG_3681-300x225.jpg 300w, https:\/\/residenciaslatorreta.com\/wp-content\/uploads\/2023\/05\/IMG_3681-1024x768.jpg 1024w, https:\/\/residenciaslatorreta.com\/wp-content\/uploads\/2023\/05\/IMG_3681-768x576.jpg 768w, https:\/\/residenciaslatorreta.com\/wp-content\/uploads\/2023\/05\/IMG_3681-1536x1152.jpg 1536w, https:\/\/residenciaslatorreta.com\/wp-content\/uploads\/2023\/05\/IMG_3681-2048x1536.jpg 2048w, https:\/\/residenciaslatorreta.com\/wp-content\/uploads\/2023\/05\/IMG_3681-800x600.jpg 800w, https:\/\/residenciaslatorreta.com\/wp-content\/uploads\/2023\/05\/IMG_3681-700x525.jpg 700w\" sizes=\"auto, (max-width: 396px) 100vw, 396px\" \/> <img loading=\"lazy\" decoding=\"async\" class=\"alignnone wp-image-5647\" src=\"https:\/\/residenciaslatorreta.com\/wp-content\/uploads\/2023\/05\/IMG_3375-300x225.jpg\" alt=\"\" width=\"372\" height=\"279\" srcset=\"https:\/\/residenciaslatorreta.com\/wp-content\/uploads\/2023\/05\/IMG_3375-300x225.jpg 300w, https:\/\/residenciaslatorreta.com\/wp-content\/uploads\/2023\/05\/IMG_3375-1024x768.jpg 1024w, https:\/\/residenciaslatorreta.com\/wp-content\/uploads\/2023\/05\/IMG_3375-768x576.jpg 768w, https:\/\/residenciaslatorreta.com\/wp-content\/uploads\/2023\/05\/IMG_3375-1536x1152.jpg 1536w, https:\/\/residenciaslatorreta.com\/wp-content\/uploads\/2023\/05\/IMG_3375-2048x1536.jpg 2048w, https:\/\/residenciaslatorreta.com\/wp-content\/uploads\/2023\/05\/IMG_3375-800x600.jpg 800w, https:\/\/residenciaslatorreta.com\/wp-content\/uploads\/2023\/05\/IMG_3375-700x525.jpg 700w\" sizes=\"auto, (max-width: 372px) 100vw, 372px\" \/> <img loading=\"lazy\" decoding=\"async\" class=\"alignnone wp-image-5649\" src=\"https:\/\/residenciaslatorreta.com\/wp-content\/uploads\/2023\/05\/IMG_3467-300x225.jpg\" alt=\"Concurso Tu Cara me Suena La Torreta Eixample El Prat\" width=\"372\" height=\"279\" srcset=\"https:\/\/residenciaslatorreta.com\/wp-content\/uploads\/2023\/05\/IMG_3467-300x225.jpg 300w, https:\/\/residenciaslatorreta.com\/wp-content\/uploads\/2023\/05\/IMG_3467-1024x768.jpg 1024w, https:\/\/residenciaslatorreta.com\/wp-content\/uploads\/2023\/05\/IMG_3467-768x576.jpg 768w, https:\/\/residenciaslatorreta.com\/wp-content\/uploads\/2023\/05\/IMG_3467-1536x1152.jpg 1536w, https:\/\/residenciaslatorreta.com\/wp-content\/uploads\/2023\/05\/IMG_3467-2048x1536.jpg 2048w, https:\/\/residenciaslatorreta.com\/wp-content\/uploads\/2023\/05\/IMG_3467-800x600.jpg 800w, https:\/\/residenciaslatorreta.com\/wp-content\/uploads\/2023\/05\/IMG_3467-700x525.jpg 700w\" sizes=\"auto, (max-width: 372px) 100vw, 372px\" \/> <img loading=\"lazy\" decoding=\"async\" class=\"alignnone wp-image-5610 \" src=\"https:\/\/residenciaslatorreta.com\/wp-content\/uploads\/2023\/05\/IMG_3753-225x300.jpg\" alt=\"Concurso Tu Cara me Suena La Torreta Eixample El Prat\" width=\"208\" height=\"278\" srcset=\"https:\/\/residenciaslatorreta.com\/wp-content\/uploads\/2023\/05\/IMG_3753-225x300.jpg 225w, https:\/\/residenciaslatorreta.com\/wp-content\/uploads\/2023\/05\/IMG_3753-768x1024.jpg 768w, https:\/\/residenciaslatorreta.com\/wp-content\/uploads\/2023\/05\/IMG_3753-1152x1536.jpg 1152w, https:\/\/residenciaslatorreta.com\/wp-content\/uploads\/2023\/05\/IMG_3753-1536x2048.jpg 1536w, https:\/\/residenciaslatorreta.com\/wp-content\/uploads\/2023\/05\/IMG_3753-600x800.jpg 600w, https:\/\/residenciaslatorreta.com\/wp-content\/uploads\/2023\/05\/IMG_3753-700x933.jpg 700w, https:\/\/residenciaslatorreta.com\/wp-content\/uploads\/2023\/05\/IMG_3753-scaled.jpg 1920w\" sizes=\"auto, (max-width: 208px) 100vw, 208px\" \/> <img loading=\"lazy\" decoding=\"async\" class=\"alignnone wp-image-5612 \" src=\"https:\/\/residenciaslatorreta.com\/wp-content\/uploads\/2023\/05\/IMG_3758-225x300.jpg\" alt=\"Concurso Tu Cara me Suena La Torreta Eixample El Prat\" width=\"209\" height=\"279\" srcset=\"https:\/\/residenciaslatorreta.com\/wp-content\/uploads\/2023\/05\/IMG_3758-225x300.jpg 225w, https:\/\/residenciaslatorreta.com\/wp-content\/uploads\/2023\/05\/IMG_3758-768x1024.jpg 768w, https:\/\/residenciaslatorreta.com\/wp-content\/uploads\/2023\/05\/IMG_3758-1152x1536.jpg 1152w, https:\/\/residenciaslatorreta.com\/wp-content\/uploads\/2023\/05\/IMG_3758-1536x2048.jpg 1536w, https:\/\/residenciaslatorreta.com\/wp-content\/uploads\/2023\/05\/IMG_3758-600x800.jpg 600w, https:\/\/residenciaslatorreta.com\/wp-content\/uploads\/2023\/05\/IMG_3758-700x933.jpg 700w, https:\/\/residenciaslatorreta.com\/wp-content\/uploads\/2023\/05\/IMG_3758-scaled.jpg 1920w\" sizes=\"auto, (max-width: 209px) 100vw, 209px\" \/> <img loading=\"lazy\" decoding=\"async\" class=\"alignnone wp-image-5614\" src=\"https:\/\/residenciaslatorreta.com\/wp-content\/uploads\/2023\/05\/IMG_3763-300x225.jpg\" alt=\"Concurso Tu Cara me Suena La Torreta Eixample El Prat\" width=\"336\" height=\"252\" srcset=\"https:\/\/residenciaslatorreta.com\/wp-content\/uploads\/2023\/05\/IMG_3763-300x225.jpg 300w, https:\/\/residenciaslatorreta.com\/wp-content\/uploads\/2023\/05\/IMG_3763-1024x768.jpg 1024w, https:\/\/residenciaslatorreta.com\/wp-content\/uploads\/2023\/05\/IMG_3763-768x576.jpg 768w, https:\/\/residenciaslatorreta.com\/wp-content\/uploads\/2023\/05\/IMG_3763-1536x1152.jpg 1536w, https:\/\/residenciaslatorreta.com\/wp-content\/uploads\/2023\/05\/IMG_3763-2048x1536.jpg 2048w, https:\/\/residenciaslatorreta.com\/wp-content\/uploads\/2023\/05\/IMG_3763-800x600.jpg 800w, https:\/\/residenciaslatorreta.com\/wp-content\/uploads\/2023\/05\/IMG_3763-700x525.jpg 700w\" sizes=\"auto, (max-width: 336px) 100vw, 336px\" \/><\/p>\n<p>&nbsp;<\/p>\n<p>&nbsp;<\/p>\n<p>&nbsp;<\/p>\n<p>&nbsp;<\/p>\n","protected":false},"excerpt":{"rendered":"<p>Les nostres persones grans s\u00b4ho mereixen tot &nbsp; Les activitats que vam fer durant Carnestoltes van tenir una acollida molt positiva tant per part de les fam\u00edlies com per part dels treballadors i treballadores de la Resid\u00e8ncia La Torreta Eixample El Prat. Per aquesta ra\u00f3&#8230;<\/p>\n","protected":false},"author":5,"featured_media":5557,"comment_status":"closed","ping_status":"open","sticky":false,"template":"","format":"standard","meta":{"footnotes":""},"categories":[30],"tags":[],"yst_prominent_words":[],"class_list":["post-5659","post","type-post","status-publish","format-standard","has-post-thumbnail","hentry","category-actualidad-ca"],"_links":{"self":[{"href":"https:\/\/residenciaslatorreta.com\/ca\/wp-json\/wp\/v2\/posts\/5659","targetHints":{"allow":["GET"]}}],"collection":[{"href":"https:\/\/residenciaslatorreta.com\/ca\/wp-json\/wp\/v2\/posts"}],"about":[{"href":"https:\/\/residenciaslatorreta.com\/ca\/wp-json\/wp\/v2\/types\/post"}],"author":[{"embeddable":true,"href":"https:\/\/residenciaslatorreta.com\/ca\/wp-json\/wp\/v2\/users\/5"}],"replies":[{"embeddable":true,"href":"https:\/\/residenciaslatorreta.com\/ca\/wp-json\/wp\/v2\/comments?post=5659"}],"version-history":[{"count":14,"href":"https:\/\/residenciaslatorreta.com\/ca\/wp-json\/wp\/v2\/posts\/5659\/revisions"}],"predecessor-version":[{"id":5683,"href":"https:\/\/residenciaslatorreta.com\/ca\/wp-json\/wp\/v2\/posts\/5659\/revisions\/5683"}],"wp:featuredmedia":[{"embeddable":true,"href":"https:\/\/residenciaslatorreta.com\/ca\/wp-json\/wp\/v2\/media\/5557"}],"wp:attachment":[{"href":"https:\/\/residenciaslatorreta.com\/ca\/wp-json\/wp\/v2\/media?parent=5659"}],"wp:term":[{"taxonomy":"category","embeddable":true,"href":"https:\/\/residenciaslatorreta.com\/ca\/wp-json\/wp\/v2\/categories?post=5659"},{"taxonomy":"post_tag","embeddable":true,"href":"https:\/\/residenciaslatorreta.com\/ca\/wp-json\/wp\/v2\/tags?post=5659"},{"taxonomy":"yst_prominent_words","embeddable":true,"href":"https:\/\/residenciaslatorreta.com\/ca\/wp-json\/wp\/v2\/yst_prominent_words?post=5659"}],"curies":[{"name":"wp","href":"https:\/\/api.w.org\/{rel}","templated":true}]}}