{"id":4482,"date":"2022-11-10T00:00:13","date_gmt":"2022-11-10T00:00:13","guid":{"rendered":"https:\/\/residenciaslatorreta.com\/los-cuidadores-tambien-tienen-cuidarse\/"},"modified":"2022-11-10T14:40:05","modified_gmt":"2022-11-10T14:40:05","slug":"los-cuidadores-tambien-tienen-cuidarse","status":"publish","type":"post","link":"https:\/\/residenciaslatorreta.com\/ca\/los-cuidadores-tambien-tienen-cuidarse\/","title":{"rendered":"Els cuidadors tamb\u00e9 han de cuidar-se"},"content":{"rendered":"<h3>5 de Novembre Dia del Cuidador<\/h3>\n<p>&nbsp;<\/p>\n<p>Els nostres pares ho han donat tot per nosaltres per aix\u00f2 sempre estarem en deute amb ells ja que tenim la sensaci\u00f3 que \u00e9s impossible correspondrel \u00b4s de la mateixa manera. Sentiments com la depressi\u00f3, l \u00b4ansietat, l \u00b4estr\u00e8s, el sentiment de culpa, ens envaeixen i moltes vegades ens oblidem que per cuidar del nostre \u00e9sser estimat primer ens hem de cuidar nosaltres mateixos.<\/p>\n<p>El 5 de Novembre, dia del cuidador, es reconeix la feina que fan les persones que tenen un \u00e9sser depenent al seu c\u00e0rrec. Assumeixen aquesta cura com una labor que han de compaginar amb la seva feina i la fam\u00edlia i aix\u00f2 afecta a la seva normalitat i fa que moltes vegades les seves necessitats passin al darrer pla.<\/p>\n<p><strong>\u00bfCom fer-ho quan falta temps per a un mateix?<\/strong><\/p>\n<p>Recon\u00e8ixer que es necessita ajuda \u00e9s un primer pas per comen\u00e7ar a cuidar-se. Aquests s\u00f3n alguns consells:<\/p>\n<p>-Tramitar ajudes per a la depend\u00e8ncia. Les podem sol.licitar anant als <strong>serveis socials municipals<\/strong> o als <strong>centres d\u00b4atenci\u00f3 prim\u00e0ria<\/strong> i tamb\u00e9 a les nostres <strong>Resid\u00e8ncies de La Torreta<\/strong> on un treballador o treballadora social valorar\u00e0 la situaci\u00f3 del nostre familiar i ens oferir\u00e0 orientaci\u00f3 sobre els tr\u00e0mits a fer.<\/p>\n<p style=\"text-align: left;\">-Buscar <strong>ajut professional<\/strong> que ens doni pautes per tractar a la persona gran, ja sigui a <strong>casa<\/strong>, o a les <strong>resid\u00e8ncies de les persones grans<\/strong> o incl\u00fas en un <strong>centre de dia<\/strong> per comen\u00e7ar unes hores. A les nostres Resid\u00e8ncies i Centres de Dia de La Torreta disposem d\u00b4un grup interdisciplinari de professionals, des de direcci\u00f3, psic\u00f2leg, fisioterapeuta, terapeuta ocupacional, educadora social, personal assistencial i sanitari, cuina i neteja etc. que posen tot el seu amor i professionalitat al servei de la persona gran.<\/p>\n<p style=\"text-align: left;\">-Per \u00faltim, \u00e9s necessari tenir uns h\u00e0bits de vida saludables, com una bona alimentaci\u00f3, dormir les suficients hores, i recuperar les relacions socials que anem deixant enrere.<\/p>\n<p><strong>Hist\u00f2ria de una Super Cuidadora<\/strong><\/p>\n<p>Per acabar, volem compartir la hist\u00f2ria d\u00b4una entranyable parella, l \u00b4Antonia i el Jos\u00e9. L \u00b4Antonia ha estat la principal cuidadora del Jos\u00e9 fins que un dia es va adonar que ja no podia ella sola amb les atencions que necessitava, llavors va decidir comen\u00e7ar a venir amb ell al Centre de Dia de la Resid\u00e8ncia.<\/p>\n<p style=\"text-align: left;\">Ara el Jos\u00e9 viu amb nosaltres a la Resid\u00e8ncia, i quan ella acaba de dinar al centre va a veure\u00b4l totes les tardes per estar junts.<\/p>\n<p style=\"text-align: left;\">L\u00b4Antonia ens ha donat el <strong>relleu<\/strong> com a cuidadors. <em>Donar el relleu<\/em>, \u00e9s una tasca dif\u00edcil i dura pel cuidador, ella ho sap molt b\u00e9 acostumada a estar ells dos a casa, per\u00f2 \u00e9s una missi\u00f3 important i necess\u00e0ria pel benestar del resident. Ens ha donat la seva <strong>confian\u00e7a<\/strong> com a professionals i est\u00e0 tranquil.la perqu\u00e8 sap que el seu marit rep les cures que necessita.<\/p>\n<p style=\"text-align: left;\">Gr\u00e0cies Antonia i Jos\u00e9 per la vostra bondat i per compartir-ho<\/p>\n<p><img loading=\"lazy\" decoding=\"async\" class=\"alignnone size-medium wp-image-4427\" src=\"https:\/\/residenciaslatorreta.com\/wp-content\/uploads\/2022\/11\/Antonia-y-Jose-300x225.jpg\" alt=\"D\u00eda cuidador La Torreta\" width=\"300\" height=\"225\" srcset=\"https:\/\/residenciaslatorreta.com\/wp-content\/uploads\/2022\/11\/Antonia-y-Jose-300x225.jpg 300w, https:\/\/residenciaslatorreta.com\/wp-content\/uploads\/2022\/11\/Antonia-y-Jose-768x576.jpg 768w, https:\/\/residenciaslatorreta.com\/wp-content\/uploads\/2022\/11\/Antonia-y-Jose-800x600.jpg 800w, https:\/\/residenciaslatorreta.com\/wp-content\/uploads\/2022\/11\/Antonia-y-Jose-700x525.jpg 700w, https:\/\/residenciaslatorreta.com\/wp-content\/uploads\/2022\/11\/Antonia-y-Jose.jpg 1024w\" sizes=\"auto, (max-width: 300px) 100vw, 300px\" \/> <img loading=\"lazy\" decoding=\"async\" class=\"alignnone wp-image-4429 size-medium\" src=\"https:\/\/residenciaslatorreta.com\/wp-content\/uploads\/2022\/11\/Antonia-y-Jose-de-frente-300x225.jpg\" alt=\"D\u00eda de los cuidadores Residencias La Torreta\" width=\"300\" height=\"225\" srcset=\"https:\/\/residenciaslatorreta.com\/wp-content\/uploads\/2022\/11\/Antonia-y-Jose-de-frente-300x225.jpg 300w, https:\/\/residenciaslatorreta.com\/wp-content\/uploads\/2022\/11\/Antonia-y-Jose-de-frente-768x576.jpg 768w, https:\/\/residenciaslatorreta.com\/wp-content\/uploads\/2022\/11\/Antonia-y-Jose-de-frente-800x600.jpg 800w, https:\/\/residenciaslatorreta.com\/wp-content\/uploads\/2022\/11\/Antonia-y-Jose-de-frente-700x525.jpg 700w, https:\/\/residenciaslatorreta.com\/wp-content\/uploads\/2022\/11\/Antonia-y-Jose-de-frente.jpg 1024w\" sizes=\"auto, (max-width: 300px) 100vw, 300px\" \/><\/p>\n<p>Gr\u00e0cies tamb\u00e9 a tots i totes per la vostra confian\u00e7a de part de les persones cuidadores de La Torreta!!<\/p>\n<p><img loading=\"lazy\" decoding=\"async\" class=\"alignnone wp-image-4431 size-medium\" src=\"https:\/\/residenciaslatorreta.com\/wp-content\/uploads\/2022\/11\/Abuelo-equipo-300x225.jpg\" alt=\"D\u00eda Cuidadores Residencias La Torreta\" width=\"300\" height=\"225\" srcset=\"https:\/\/residenciaslatorreta.com\/wp-content\/uploads\/2022\/11\/Abuelo-equipo-300x225.jpg 300w, https:\/\/residenciaslatorreta.com\/wp-content\/uploads\/2022\/11\/Abuelo-equipo-768x576.jpg 768w, https:\/\/residenciaslatorreta.com\/wp-content\/uploads\/2022\/11\/Abuelo-equipo-800x600.jpg 800w, https:\/\/residenciaslatorreta.com\/wp-content\/uploads\/2022\/11\/Abuelo-equipo-700x525.jpg 700w, https:\/\/residenciaslatorreta.com\/wp-content\/uploads\/2022\/11\/Abuelo-equipo.jpg 1024w\" sizes=\"auto, (max-width: 300px) 100vw, 300px\" \/> <img loading=\"lazy\" decoding=\"async\" class=\"alignnone wp-image-4433\" src=\"https:\/\/residenciaslatorreta.com\/wp-content\/uploads\/2022\/11\/Guino-225x300.jpg\" alt=\"D\u00eda cuidadores Residencias La Torrerta\" width=\"168\" height=\"224\" srcset=\"https:\/\/residenciaslatorreta.com\/wp-content\/uploads\/2022\/11\/Guino-225x300.jpg 225w, https:\/\/residenciaslatorreta.com\/wp-content\/uploads\/2022\/11\/Guino-600x800.jpg 600w, https:\/\/residenciaslatorreta.com\/wp-content\/uploads\/2022\/11\/Guino-700x933.jpg 700w, https:\/\/residenciaslatorreta.com\/wp-content\/uploads\/2022\/11\/Guino.jpg 768w\" sizes=\"auto, (max-width: 168px) 100vw, 168px\" \/> <img loading=\"lazy\" decoding=\"async\" class=\"alignnone wp-image-4435\" src=\"https:\/\/residenciaslatorreta.com\/wp-content\/uploads\/2022\/11\/Lorena-169x300.jpg\" alt=\"D\u00eda cuidadores Residencias La Torreta\" width=\"126\" height=\"224\" srcset=\"https:\/\/residenciaslatorreta.com\/wp-content\/uploads\/2022\/11\/Lorena-169x300.jpg 169w, https:\/\/residenciaslatorreta.com\/wp-content\/uploads\/2022\/11\/Lorena.jpg 576w\" sizes=\"auto, (max-width: 126px) 100vw, 126px\" \/> <img loading=\"lazy\" decoding=\"async\" class=\"alignnone wp-image-4462\" src=\"https:\/\/residenciaslatorreta.com\/wp-content\/uploads\/2022\/11\/Charo-y-Nerea-225x300.jpg\" alt=\"D\u00eda cuidadores Residencias La Torreta\" width=\"169\" height=\"225\" srcset=\"https:\/\/residenciaslatorreta.com\/wp-content\/uploads\/2022\/11\/Charo-y-Nerea-225x300.jpg 225w, https:\/\/residenciaslatorreta.com\/wp-content\/uploads\/2022\/11\/Charo-y-Nerea-600x800.jpg 600w, https:\/\/residenciaslatorreta.com\/wp-content\/uploads\/2022\/11\/Charo-y-Nerea-700x933.jpg 700w, https:\/\/residenciaslatorreta.com\/wp-content\/uploads\/2022\/11\/Charo-y-Nerea.jpg 768w\" sizes=\"auto, (max-width: 169px) 100vw, 169px\" \/> <img loading=\"lazy\" decoding=\"async\" class=\"alignnone wp-image-4464\" src=\"https:\/\/residenciaslatorreta.com\/wp-content\/uploads\/2022\/11\/terapeuta-225x300.jpg\" alt=\"D\u00eda cuidadores Residencias La Torreta\" width=\"168\" height=\"224\" srcset=\"https:\/\/residenciaslatorreta.com\/wp-content\/uploads\/2022\/11\/terapeuta-225x300.jpg 225w, https:\/\/residenciaslatorreta.com\/wp-content\/uploads\/2022\/11\/terapeuta-768x1024.jpg 768w, https:\/\/residenciaslatorreta.com\/wp-content\/uploads\/2022\/11\/terapeuta-1152x1536.jpg 1152w, https:\/\/residenciaslatorreta.com\/wp-content\/uploads\/2022\/11\/terapeuta-600x800.jpg 600w, https:\/\/residenciaslatorreta.com\/wp-content\/uploads\/2022\/11\/terapeuta-700x933.jpg 700w, https:\/\/residenciaslatorreta.com\/wp-content\/uploads\/2022\/11\/terapeuta.jpg 1500w\" sizes=\"auto, (max-width: 168px) 100vw, 168px\" \/> <img loading=\"lazy\" decoding=\"async\" class=\"alignnone wp-image-4452\" src=\"https:\/\/residenciaslatorreta.com\/wp-content\/uploads\/2022\/11\/FOTO-CHULA-LAURA-300x273.jpg\" alt=\"D\u00eda cuidadores Residencias La Torreta\" width=\"247\" height=\"225\" srcset=\"https:\/\/residenciaslatorreta.com\/wp-content\/uploads\/2022\/11\/FOTO-CHULA-LAURA-300x273.jpg 300w, https:\/\/residenciaslatorreta.com\/wp-content\/uploads\/2022\/11\/FOTO-CHULA-LAURA-1024x934.jpg 1024w, https:\/\/residenciaslatorreta.com\/wp-content\/uploads\/2022\/11\/FOTO-CHULA-LAURA-768x700.jpg 768w, https:\/\/residenciaslatorreta.com\/wp-content\/uploads\/2022\/11\/FOTO-CHULA-LAURA-1536x1400.jpg 1536w, https:\/\/residenciaslatorreta.com\/wp-content\/uploads\/2022\/11\/FOTO-CHULA-LAURA-2048x1867.jpg 2048w, https:\/\/residenciaslatorreta.com\/wp-content\/uploads\/2022\/11\/FOTO-CHULA-LAURA-700x638.jpg 700w\" sizes=\"auto, (max-width: 247px) 100vw, 247px\" \/> <img loading=\"lazy\" decoding=\"async\" class=\"alignnone wp-image-4437 size-medium\" src=\"https:\/\/residenciaslatorreta.com\/wp-content\/uploads\/2022\/11\/Pilar-300x225.jpg\" alt=\"D\u00eda cuidadores Residencias La Torreta\" width=\"300\" height=\"225\" srcset=\"https:\/\/residenciaslatorreta.com\/wp-content\/uploads\/2022\/11\/Pilar-300x225.jpg 300w, https:\/\/residenciaslatorreta.com\/wp-content\/uploads\/2022\/11\/Pilar-1024x768.jpg 1024w, https:\/\/residenciaslatorreta.com\/wp-content\/uploads\/2022\/11\/Pilar-768x576.jpg 768w, https:\/\/residenciaslatorreta.com\/wp-content\/uploads\/2022\/11\/Pilar-1536x1152.jpg 1536w, https:\/\/residenciaslatorreta.com\/wp-content\/uploads\/2022\/11\/Pilar-800x600.jpg 800w, https:\/\/residenciaslatorreta.com\/wp-content\/uploads\/2022\/11\/Pilar-700x525.jpg 700w, https:\/\/residenciaslatorreta.com\/wp-content\/uploads\/2022\/11\/Pilar.jpg 1600w\" sizes=\"auto, (max-width: 300px) 100vw, 300px\" \/> <img loading=\"lazy\" decoding=\"async\" class=\"alignnone wp-image-4439 size-medium\" src=\"https:\/\/residenciaslatorreta.com\/wp-content\/uploads\/2022\/11\/Abuelosombrero-300x225.jpg\" alt=\"D\u00eda cuidadores Residencias La Torreta\" width=\"300\" height=\"225\" srcset=\"https:\/\/residenciaslatorreta.com\/wp-content\/uploads\/2022\/11\/Abuelosombrero-300x225.jpg 300w, https:\/\/residenciaslatorreta.com\/wp-content\/uploads\/2022\/11\/Abuelosombrero-1024x768.jpg 1024w, https:\/\/residenciaslatorreta.com\/wp-content\/uploads\/2022\/11\/Abuelosombrero-768x576.jpg 768w, https:\/\/residenciaslatorreta.com\/wp-content\/uploads\/2022\/11\/Abuelosombrero-1536x1152.jpg 1536w, https:\/\/residenciaslatorreta.com\/wp-content\/uploads\/2022\/11\/Abuelosombrero-800x600.jpg 800w, https:\/\/residenciaslatorreta.com\/wp-content\/uploads\/2022\/11\/Abuelosombrero-700x525.jpg 700w, https:\/\/residenciaslatorreta.com\/wp-content\/uploads\/2022\/11\/Abuelosombrero.jpg 1600w\" sizes=\"auto, (max-width: 300px) 100vw, 300px\" \/> <img loading=\"lazy\" decoding=\"async\" class=\"alignnone wp-image-4441\" src=\"https:\/\/residenciaslatorreta.com\/wp-content\/uploads\/2022\/11\/fotook-300x271.jpg\" alt=\"D\u00eda cuidadores Residencias La Torreta\" width=\"249\" height=\"225\" srcset=\"https:\/\/residenciaslatorreta.com\/wp-content\/uploads\/2022\/11\/fotook-300x271.jpg 300w, https:\/\/residenciaslatorreta.com\/wp-content\/uploads\/2022\/11\/fotook-768x695.jpg 768w, https:\/\/residenciaslatorreta.com\/wp-content\/uploads\/2022\/11\/fotook-700x633.jpg 700w, https:\/\/residenciaslatorreta.com\/wp-content\/uploads\/2022\/11\/fotook.jpg 1024w\" sizes=\"auto, (max-width: 249px) 100vw, 249px\" \/> <img loading=\"lazy\" decoding=\"async\" class=\"alignnone wp-image-4443\" src=\"https:\/\/residenciaslatorreta.com\/wp-content\/uploads\/2022\/11\/Abuelas-sonrientes-225x300.jpg\" alt=\"D\u00eda cuidadores Residencias La Torreta\" width=\"169\" height=\"225\" srcset=\"https:\/\/residenciaslatorreta.com\/wp-content\/uploads\/2022\/11\/Abuelas-sonrientes-225x300.jpg 225w, https:\/\/residenciaslatorreta.com\/wp-content\/uploads\/2022\/11\/Abuelas-sonrientes-600x800.jpg 600w, https:\/\/residenciaslatorreta.com\/wp-content\/uploads\/2022\/11\/Abuelas-sonrientes-700x933.jpg 700w, https:\/\/residenciaslatorreta.com\/wp-content\/uploads\/2022\/11\/Abuelas-sonrientes.jpg 768w\" sizes=\"auto, (max-width: 169px) 100vw, 169px\" \/> <img loading=\"lazy\" decoding=\"async\" class=\"alignnone wp-image-4445\" src=\"https:\/\/residenciaslatorreta.com\/wp-content\/uploads\/2022\/11\/Abuelo-sonriente-300x225.jpg\" alt=\"D\u00eda cuidadores Residencias La Torreta\" width=\"300\" height=\"225\" srcset=\"https:\/\/residenciaslatorreta.com\/wp-content\/uploads\/2022\/11\/Abuelo-sonriente-300x225.jpg 300w, https:\/\/residenciaslatorreta.com\/wp-content\/uploads\/2022\/11\/Abuelo-sonriente-1024x768.jpg 1024w, https:\/\/residenciaslatorreta.com\/wp-content\/uploads\/2022\/11\/Abuelo-sonriente-768x576.jpg 768w, https:\/\/residenciaslatorreta.com\/wp-content\/uploads\/2022\/11\/Abuelo-sonriente-1536x1152.jpg 1536w, https:\/\/residenciaslatorreta.com\/wp-content\/uploads\/2022\/11\/Abuelo-sonriente-800x600.jpg 800w, https:\/\/residenciaslatorreta.com\/wp-content\/uploads\/2022\/11\/Abuelo-sonriente-700x525.jpg 700w, https:\/\/residenciaslatorreta.com\/wp-content\/uploads\/2022\/11\/Abuelo-sonriente.jpg 1600w\" sizes=\"auto, (max-width: 300px) 100vw, 300px\" \/> <img loading=\"lazy\" decoding=\"async\" class=\"alignnone wp-image-4475\" src=\"https:\/\/residenciaslatorreta.com\/wp-content\/uploads\/2022\/11\/sillaruedas-225x300.jpg\" alt=\"D\u00eda del Cuidador Residencias La Torreta\" width=\"170\" height=\"227\" srcset=\"https:\/\/residenciaslatorreta.com\/wp-content\/uploads\/2022\/11\/sillaruedas-225x300.jpg 225w, https:\/\/residenciaslatorreta.com\/wp-content\/uploads\/2022\/11\/sillaruedas-768x1024.jpg 768w, https:\/\/residenciaslatorreta.com\/wp-content\/uploads\/2022\/11\/sillaruedas-1152x1536.jpg 1152w, https:\/\/residenciaslatorreta.com\/wp-content\/uploads\/2022\/11\/sillaruedas-600x800.jpg 600w, https:\/\/residenciaslatorreta.com\/wp-content\/uploads\/2022\/11\/sillaruedas-700x933.jpg 700w, https:\/\/residenciaslatorreta.com\/wp-content\/uploads\/2022\/11\/sillaruedas.jpg 1536w\" sizes=\"auto, (max-width: 170px) 100vw, 170px\" \/> <img loading=\"lazy\" decoding=\"async\" class=\"alignnone wp-image-4468\" src=\"https:\/\/residenciaslatorreta.com\/wp-content\/uploads\/2022\/11\/Educadora-225x300.jpg\" alt=\"D\u00eda cuidadores Residencias La Torreta\" width=\"170\" height=\"227\" srcset=\"https:\/\/residenciaslatorreta.com\/wp-content\/uploads\/2022\/11\/Educadora-225x300.jpg 225w, https:\/\/residenciaslatorreta.com\/wp-content\/uploads\/2022\/11\/Educadora-768x1024.jpg 768w, https:\/\/residenciaslatorreta.com\/wp-content\/uploads\/2022\/11\/Educadora-1152x1536.jpg 1152w, https:\/\/residenciaslatorreta.com\/wp-content\/uploads\/2022\/11\/Educadora-600x800.jpg 600w, https:\/\/residenciaslatorreta.com\/wp-content\/uploads\/2022\/11\/Educadora-700x933.jpg 700w, https:\/\/residenciaslatorreta.com\/wp-content\/uploads\/2022\/11\/Educadora.jpg 1536w\" sizes=\"auto, (max-width: 170px) 100vw, 170px\" \/> <img loading=\"lazy\" decoding=\"async\" class=\"alignnone wp-image-4447\" src=\"https:\/\/residenciaslatorreta.com\/wp-content\/uploads\/2022\/11\/carinos-234x300.jpg\" alt=\"D\u00eda cuidadores Residencias La Torreta\" width=\"176\" height=\"226\" srcset=\"https:\/\/residenciaslatorreta.com\/wp-content\/uploads\/2022\/11\/carinos-234x300.jpg 234w, https:\/\/residenciaslatorreta.com\/wp-content\/uploads\/2022\/11\/carinos-799x1024.jpg 799w, https:\/\/residenciaslatorreta.com\/wp-content\/uploads\/2022\/11\/carinos-768x984.jpg 768w, https:\/\/residenciaslatorreta.com\/wp-content\/uploads\/2022\/11\/carinos-700x897.jpg 700w, https:\/\/residenciaslatorreta.com\/wp-content\/uploads\/2022\/11\/carinos.jpg 1125w\" sizes=\"auto, (max-width: 176px) 100vw, 176px\" \/>\u00a0<img loading=\"lazy\" decoding=\"async\" class=\"alignnone wp-image-4449\" src=\"https:\/\/residenciaslatorreta.com\/wp-content\/uploads\/2022\/11\/trabajadora-social-300x225.jpg\" alt=\"D\u00eda cuidadores Residencias La Torreta\" width=\"305\" height=\"229\" srcset=\"https:\/\/residenciaslatorreta.com\/wp-content\/uploads\/2022\/11\/trabajadora-social-300x225.jpg 300w, https:\/\/residenciaslatorreta.com\/wp-content\/uploads\/2022\/11\/trabajadora-social-1024x768.jpg 1024w, https:\/\/residenciaslatorreta.com\/wp-content\/uploads\/2022\/11\/trabajadora-social-768x576.jpg 768w, https:\/\/residenciaslatorreta.com\/wp-content\/uploads\/2022\/11\/trabajadora-social-1536x1152.jpg 1536w, https:\/\/residenciaslatorreta.com\/wp-content\/uploads\/2022\/11\/trabajadora-social-800x600.jpg 800w, https:\/\/residenciaslatorreta.com\/wp-content\/uploads\/2022\/11\/trabajadora-social-700x525.jpg 700w, https:\/\/residenciaslatorreta.com\/wp-content\/uploads\/2022\/11\/trabajadora-social.jpg 2048w\" sizes=\"auto, (max-width: 305px) 100vw, 305px\" \/><\/p>\n<p>&nbsp;<\/p>\n<p>&nbsp;<\/p>\n<p>&nbsp;<\/p>\n<p>&nbsp;<\/p>\n<p>&nbsp;<\/p>\n","protected":false},"excerpt":{"rendered":"<p>5 de Novembre Dia del Cuidador &nbsp; Els nostres pares ho han donat tot per nosaltres per aix\u00f2 sempre estarem en deute amb ells ja que tenim la sensaci\u00f3 que \u00e9s impossible correspondrel \u00b4s de la mateixa manera. Sentiments com la depressi\u00f3, l \u00b4ansietat, l&#8230;<\/p>\n","protected":false},"author":5,"featured_media":4424,"comment_status":"closed","ping_status":"open","sticky":false,"template":"","format":"standard","meta":{"footnotes":""},"categories":[30],"tags":[],"yst_prominent_words":[],"class_list":["post-4482","post","type-post","status-publish","format-standard","has-post-thumbnail","hentry","category-actualidad-ca"],"_links":{"self":[{"href":"https:\/\/residenciaslatorreta.com\/ca\/wp-json\/wp\/v2\/posts\/4482","targetHints":{"allow":["GET"]}}],"collection":[{"href":"https:\/\/residenciaslatorreta.com\/ca\/wp-json\/wp\/v2\/posts"}],"about":[{"href":"https:\/\/residenciaslatorreta.com\/ca\/wp-json\/wp\/v2\/types\/post"}],"author":[{"embeddable":true,"href":"https:\/\/residenciaslatorreta.com\/ca\/wp-json\/wp\/v2\/users\/5"}],"replies":[{"embeddable":true,"href":"https:\/\/residenciaslatorreta.com\/ca\/wp-json\/wp\/v2\/comments?post=4482"}],"version-history":[{"count":16,"href":"https:\/\/residenciaslatorreta.com\/ca\/wp-json\/wp\/v2\/posts\/4482\/revisions"}],"predecessor-version":[{"id":4513,"href":"https:\/\/residenciaslatorreta.com\/ca\/wp-json\/wp\/v2\/posts\/4482\/revisions\/4513"}],"wp:featuredmedia":[{"embeddable":true,"href":"https:\/\/residenciaslatorreta.com\/ca\/wp-json\/wp\/v2\/media\/4424"}],"wp:attachment":[{"href":"https:\/\/residenciaslatorreta.com\/ca\/wp-json\/wp\/v2\/media?parent=4482"}],"wp:term":[{"taxonomy":"category","embeddable":true,"href":"https:\/\/residenciaslatorreta.com\/ca\/wp-json\/wp\/v2\/categories?post=4482"},{"taxonomy":"post_tag","embeddable":true,"href":"https:\/\/residenciaslatorreta.com\/ca\/wp-json\/wp\/v2\/tags?post=4482"},{"taxonomy":"yst_prominent_words","embeddable":true,"href":"https:\/\/residenciaslatorreta.com\/ca\/wp-json\/wp\/v2\/yst_prominent_words?post=4482"}],"curies":[{"name":"wp","href":"https:\/\/api.w.org\/{rel}","templated":true}]}}