{"id":4222,"date":"2022-08-22T08:27:02","date_gmt":"2022-08-22T08:27:02","guid":{"rendered":"https:\/\/residenciaslatorreta.com\/salud-bienestar-las-personas-mayores\/"},"modified":"2022-08-22T14:55:25","modified_gmt":"2022-08-22T14:55:25","slug":"salud-bienestar-las-personas-mayores","status":"publish","type":"post","link":"https:\/\/residenciaslatorreta.com\/ca\/salud-bienestar-las-personas-mayores\/","title":{"rendered":"Salut i benestar en les nostres persones grans"},"content":{"rendered":"<h3>A les Resid\u00e8ncies i Centres de Dia de La Torreta ens mantenim actius<\/h3>\n<p>&nbsp;<\/p>\n<p>Les <strong>persones grans<\/strong> que es cuiden tant a nivell f\u00edsic como mental tenen una millor qualitat de vida.<\/p>\n<p>Per envellir amb un sistema immunitari sa, t\u00e9 especial import\u00e0ncia l\u00b4alimentaci\u00f3, ( a on tenim la sort de gaudir d\u00b4una dieta mediterr\u00e0nia equilibrada i variada), tenir una<strong> vida activa<\/strong> i <strong>relacionar-se socialment<\/strong>.<\/p>\n<p>L \u00b4increment de l \u00b4esperan\u00e7a de vida i el progressiu envelliment de la pir\u00e0mide poblacional al nostre pa\u00eds, (els experts preveuen que la xifra de persones de m\u00e9s de 64 anys incrementar\u00e0 en m\u00e9s de 2 milions la propera d\u00e8cada), fa que encara tingui m\u00e9s import\u00e0ncia refor\u00e7ar aquesta longevitat acompanyant-la de les millors atencions per la nostra salut i mantenint una bona qualitat de vida.<\/p>\n<p>A les <strong>Resid\u00e8ncies per a persones grans i Centres de Dia de La Torreta <\/strong>que tenim a <strong>Font d\u00b4en Fargues<\/strong> <strong>Barcelona<\/strong>, a <strong>L\u00b4Eixample Sud del Prat de Llobregat<\/strong>, a<strong> Corbera<\/strong> i a <strong>Piera<\/strong> apostem per que les persones que venen a viure amb nosaltres mantinguin uns <strong>h\u00e0bits saludables<\/strong> i unes bones <strong>relacions socials<\/strong> estant en contacte amb altres persones a trav\u00e9s de les <strong>activitats i tallers<\/strong> que realitzem.<\/p>\n<h3>\u00a1Us mostrem les activitats d\u00b4aquest mes !<\/h3>\n<p>&nbsp;<\/p>\n<p>L \u00b4estiu ens dona l\u00b4oportunitat d\u00b4aprofitar i gaudir del bon temps a la terrassa del centre, una bona forma d\u00b4afrontar la calor. \u00c9s on realitzem el nostre <strong>taller de fisioter\u00e0pia,<\/strong> una activitat l\u00fadica en la que tamb\u00e9 s\u00b4afavoreix la interacci\u00f3 amb la resta. A m\u00e9s a m\u00e9s tamb\u00e9 treballem la motricitat i la coordinaci\u00f3 amb exercicis amb els peus a dins de l \u00b4aigua.<\/p>\n<p><img loading=\"lazy\" decoding=\"async\" class=\"alignnone wp-image-4155 size-medium\" src=\"https:\/\/residenciaslatorreta.com\/wp-content\/uploads\/2022\/08\/PHOTO-2022-07-20-18-41-32-300x225.jpg\" alt=\"Taller Psicomotricidad La Torreta\" width=\"300\" height=\"225\" srcset=\"https:\/\/residenciaslatorreta.com\/wp-content\/uploads\/2022\/08\/PHOTO-2022-07-20-18-41-32-300x225.jpg 300w, https:\/\/residenciaslatorreta.com\/wp-content\/uploads\/2022\/08\/PHOTO-2022-07-20-18-41-32-768x576.jpg 768w, https:\/\/residenciaslatorreta.com\/wp-content\/uploads\/2022\/08\/PHOTO-2022-07-20-18-41-32-800x600.jpg 800w, https:\/\/residenciaslatorreta.com\/wp-content\/uploads\/2022\/08\/PHOTO-2022-07-20-18-41-32-700x525.jpg 700w, https:\/\/residenciaslatorreta.com\/wp-content\/uploads\/2022\/08\/PHOTO-2022-07-20-18-41-32.jpg 1024w\" sizes=\"auto, (max-width: 300px) 100vw, 300px\" \/> <img loading=\"lazy\" decoding=\"async\" class=\"alignnone size-medium wp-image-4157\" src=\"https:\/\/residenciaslatorreta.com\/wp-content\/uploads\/2022\/08\/PHOTO-2022-07-20-18-42-06-300x225.jpg\" alt=\"Taller Psicomotricidad la Torreta\" width=\"300\" height=\"225\" srcset=\"https:\/\/residenciaslatorreta.com\/wp-content\/uploads\/2022\/08\/PHOTO-2022-07-20-18-42-06-300x225.jpg 300w, https:\/\/residenciaslatorreta.com\/wp-content\/uploads\/2022\/08\/PHOTO-2022-07-20-18-42-06-768x576.jpg 768w, https:\/\/residenciaslatorreta.com\/wp-content\/uploads\/2022\/08\/PHOTO-2022-07-20-18-42-06-800x600.jpg 800w, https:\/\/residenciaslatorreta.com\/wp-content\/uploads\/2022\/08\/PHOTO-2022-07-20-18-42-06-700x525.jpg 700w, https:\/\/residenciaslatorreta.com\/wp-content\/uploads\/2022\/08\/PHOTO-2022-07-20-18-42-06.jpg 1024w\" sizes=\"auto, (max-width: 300px) 100vw, 300px\" \/> <img loading=\"lazy\" decoding=\"async\" class=\"alignnone wp-image-4159\" src=\"https:\/\/residenciaslatorreta.com\/wp-content\/uploads\/2022\/08\/20220701_120300-300x146.jpg\" alt=\"Taller Psicomotricidad Torreta\" width=\"413\" height=\"201\" srcset=\"https:\/\/residenciaslatorreta.com\/wp-content\/uploads\/2022\/08\/20220701_120300-300x146.jpg 300w, https:\/\/residenciaslatorreta.com\/wp-content\/uploads\/2022\/08\/20220701_120300-1024x498.jpg 1024w, https:\/\/residenciaslatorreta.com\/wp-content\/uploads\/2022\/08\/20220701_120300-768x373.jpg 768w, https:\/\/residenciaslatorreta.com\/wp-content\/uploads\/2022\/08\/20220701_120300-1536x746.jpg 1536w, https:\/\/residenciaslatorreta.com\/wp-content\/uploads\/2022\/08\/20220701_120300-2048x995.jpg 2048w, https:\/\/residenciaslatorreta.com\/wp-content\/uploads\/2022\/08\/20220701_120300-700x340.jpg 700w\" sizes=\"auto, (max-width: 413px) 100vw, 413px\" \/> <img loading=\"lazy\" decoding=\"async\" class=\"alignnone wp-image-4169\" src=\"https:\/\/residenciaslatorreta.com\/wp-content\/uploads\/2022\/08\/20220701_115930-146x300.jpg\" alt=\"Taller Fisioterapia\" width=\"98\" height=\"201\" srcset=\"https:\/\/residenciaslatorreta.com\/wp-content\/uploads\/2022\/08\/20220701_115930-146x300.jpg 146w, https:\/\/residenciaslatorreta.com\/wp-content\/uploads\/2022\/08\/20220701_115930-498x1024.jpg 498w, https:\/\/residenciaslatorreta.com\/wp-content\/uploads\/2022\/08\/20220701_115930-768x1581.jpg 768w, https:\/\/residenciaslatorreta.com\/wp-content\/uploads\/2022\/08\/20220701_115930-746x1536.jpg 746w, https:\/\/residenciaslatorreta.com\/wp-content\/uploads\/2022\/08\/20220701_115930-995x2048.jpg 995w, https:\/\/residenciaslatorreta.com\/wp-content\/uploads\/2022\/08\/20220701_115930-700x1441.jpg 700w, https:\/\/residenciaslatorreta.com\/wp-content\/uploads\/2022\/08\/20220701_115930-scaled.jpg 1244w\" sizes=\"auto, (max-width: 98px) 100vw, 98px\" \/><\/p>\n<p>Tamb\u00e9 al nostre<strong> taller de manualitats<\/strong> hem realitzat clauers, bossetes, arracades i gerres. Tot aix\u00f2 elaborat per les nostres persones usu\u00e0ries que han cosit i decorat les bossetes personalment. Les figuretes d\u00b4argila dels clauers les han muntat tamb\u00e9 amb motllos i\u00a0 despr\u00e9s les han pintat demostrant la seva faceta art\u00edstica!<\/p>\n<p><img loading=\"lazy\" decoding=\"async\" class=\"alignnone wp-image-4164\" src=\"https:\/\/residenciaslatorreta.com\/wp-content\/uploads\/2022\/08\/PHOTO-2022-08-18-15-37-12-225x300.jpg\" alt=\"Taller Manualidades La Torreta\" width=\"168\" height=\"224\" srcset=\"https:\/\/residenciaslatorreta.com\/wp-content\/uploads\/2022\/08\/PHOTO-2022-08-18-15-37-12-225x300.jpg 225w, https:\/\/residenciaslatorreta.com\/wp-content\/uploads\/2022\/08\/PHOTO-2022-08-18-15-37-12-768x1024.jpg 768w, https:\/\/residenciaslatorreta.com\/wp-content\/uploads\/2022\/08\/PHOTO-2022-08-18-15-37-12-1152x1536.jpg 1152w, https:\/\/residenciaslatorreta.com\/wp-content\/uploads\/2022\/08\/PHOTO-2022-08-18-15-37-12-600x800.jpg 600w, https:\/\/residenciaslatorreta.com\/wp-content\/uploads\/2022\/08\/PHOTO-2022-08-18-15-37-12-700x933.jpg 700w, https:\/\/residenciaslatorreta.com\/wp-content\/uploads\/2022\/08\/PHOTO-2022-08-18-15-37-12.jpg 1536w\" sizes=\"auto, (max-width: 168px) 100vw, 168px\" \/> <img loading=\"lazy\" decoding=\"async\" class=\"alignnone size-medium wp-image-4166\" src=\"https:\/\/residenciaslatorreta.com\/wp-content\/uploads\/2022\/08\/PHOTO-2022-08-18-15-37-13-300x225.jpg\" alt=\"Taller Manualidades La Torreta\" width=\"300\" height=\"225\" srcset=\"https:\/\/residenciaslatorreta.com\/wp-content\/uploads\/2022\/08\/PHOTO-2022-08-18-15-37-13-300x225.jpg 300w, https:\/\/residenciaslatorreta.com\/wp-content\/uploads\/2022\/08\/PHOTO-2022-08-18-15-37-13-1024x768.jpg 1024w, https:\/\/residenciaslatorreta.com\/wp-content\/uploads\/2022\/08\/PHOTO-2022-08-18-15-37-13-768x576.jpg 768w, https:\/\/residenciaslatorreta.com\/wp-content\/uploads\/2022\/08\/PHOTO-2022-08-18-15-37-13-1536x1152.jpg 1536w, https:\/\/residenciaslatorreta.com\/wp-content\/uploads\/2022\/08\/PHOTO-2022-08-18-15-37-13-800x600.jpg 800w, https:\/\/residenciaslatorreta.com\/wp-content\/uploads\/2022\/08\/PHOTO-2022-08-18-15-37-13-700x525.jpg 700w, https:\/\/residenciaslatorreta.com\/wp-content\/uploads\/2022\/08\/PHOTO-2022-08-18-15-37-13.jpg 2048w\" sizes=\"auto, (max-width: 300px) 100vw, 300px\" \/> <img loading=\"lazy\" decoding=\"async\" class=\"alignnone wp-image-4178\" src=\"https:\/\/residenciaslatorreta.com\/wp-content\/uploads\/2022\/08\/PHOTO-2022-08-18-15-49-10-224x300.jpg\" alt=\"Taller Manualidades La Torreta\" width=\"167\" height=\"224\" srcset=\"https:\/\/residenciaslatorreta.com\/wp-content\/uploads\/2022\/08\/PHOTO-2022-08-18-15-49-10-224x300.jpg 224w, https:\/\/residenciaslatorreta.com\/wp-content\/uploads\/2022\/08\/PHOTO-2022-08-18-15-49-10-766x1024.jpg 766w, https:\/\/residenciaslatorreta.com\/wp-content\/uploads\/2022\/08\/PHOTO-2022-08-18-15-49-10-768x1027.jpg 768w, https:\/\/residenciaslatorreta.com\/wp-content\/uploads\/2022\/08\/PHOTO-2022-08-18-15-49-10-1149x1536.jpg 1149w, https:\/\/residenciaslatorreta.com\/wp-content\/uploads\/2022\/08\/PHOTO-2022-08-18-15-49-10-600x800.jpg 600w, https:\/\/residenciaslatorreta.com\/wp-content\/uploads\/2022\/08\/PHOTO-2022-08-18-15-49-10-700x936.jpg 700w, https:\/\/residenciaslatorreta.com\/wp-content\/uploads\/2022\/08\/PHOTO-2022-08-18-15-49-10.jpg 1496w\" sizes=\"auto, (max-width: 167px) 100vw, 167px\" \/> <img loading=\"lazy\" decoding=\"async\" class=\"alignnone size-medium wp-image-4180\" src=\"https:\/\/residenciaslatorreta.com\/wp-content\/uploads\/2022\/08\/PHOTO-2022-08-18-15-49-11-300x224.jpg\" alt=\"Taller Manualidades La Torreta\" width=\"300\" height=\"224\" srcset=\"https:\/\/residenciaslatorreta.com\/wp-content\/uploads\/2022\/08\/PHOTO-2022-08-18-15-49-11-300x224.jpg 300w, https:\/\/residenciaslatorreta.com\/wp-content\/uploads\/2022\/08\/PHOTO-2022-08-18-15-49-11-1024x766.jpg 1024w, https:\/\/residenciaslatorreta.com\/wp-content\/uploads\/2022\/08\/PHOTO-2022-08-18-15-49-11-768x574.jpg 768w, https:\/\/residenciaslatorreta.com\/wp-content\/uploads\/2022\/08\/PHOTO-2022-08-18-15-49-11-1536x1149.jpg 1536w, https:\/\/residenciaslatorreta.com\/wp-content\/uploads\/2022\/08\/PHOTO-2022-08-18-15-49-11-800x600.jpg 800w, https:\/\/residenciaslatorreta.com\/wp-content\/uploads\/2022\/08\/PHOTO-2022-08-18-15-49-11-700x524.jpg 700w, https:\/\/residenciaslatorreta.com\/wp-content\/uploads\/2022\/08\/PHOTO-2022-08-18-15-49-11.jpg 2000w\" sizes=\"auto, (max-width: 300px) 100vw, 300px\" \/><\/p>\n<p>Dins dels <strong>tallers de cuina<\/strong> hem tingut varis tallers d\u00b4all\u00f2 m\u00e9s bons per a tots els gustos:<\/p>\n<p><strong>Taller amb els fruits de l \u00b4Hort<\/strong><\/p>\n<p>Hem recollit els pebrots i les alberg\u00ednies que hem cultivat a l\u00b4 hort de la pr\u00f2pia Resid\u00e8ncia per despr\u00e9s preparar-los per fer al forn.<\/p>\n<p><img loading=\"lazy\" decoding=\"async\" class=\"alignnone size-medium wp-image-4172\" src=\"https:\/\/residenciaslatorreta.com\/wp-content\/uploads\/2022\/08\/PHOTO-2022-08-18-15-44-10-300x224.jpg\" alt=\"Huerto La Torreta Eixample\" width=\"300\" height=\"224\" srcset=\"https:\/\/residenciaslatorreta.com\/wp-content\/uploads\/2022\/08\/PHOTO-2022-08-18-15-44-10-300x224.jpg 300w, https:\/\/residenciaslatorreta.com\/wp-content\/uploads\/2022\/08\/PHOTO-2022-08-18-15-44-10-1024x766.jpg 1024w, https:\/\/residenciaslatorreta.com\/wp-content\/uploads\/2022\/08\/PHOTO-2022-08-18-15-44-10-768x574.jpg 768w, https:\/\/residenciaslatorreta.com\/wp-content\/uploads\/2022\/08\/PHOTO-2022-08-18-15-44-10-1536x1149.jpg 1536w, https:\/\/residenciaslatorreta.com\/wp-content\/uploads\/2022\/08\/PHOTO-2022-08-18-15-44-10-800x600.jpg 800w, https:\/\/residenciaslatorreta.com\/wp-content\/uploads\/2022\/08\/PHOTO-2022-08-18-15-44-10-700x524.jpg 700w, https:\/\/residenciaslatorreta.com\/wp-content\/uploads\/2022\/08\/PHOTO-2022-08-18-15-44-10.jpg 2000w\" sizes=\"auto, (max-width: 300px) 100vw, 300px\" \/> <img loading=\"lazy\" decoding=\"async\" class=\"alignnone size-medium wp-image-4174\" src=\"https:\/\/residenciaslatorreta.com\/wp-content\/uploads\/2022\/08\/PHOTO-2022-08-18-15-48-13-300x225.jpg\" alt=\"Taller cocina La Torreta\" width=\"300\" height=\"225\" srcset=\"https:\/\/residenciaslatorreta.com\/wp-content\/uploads\/2022\/08\/PHOTO-2022-08-18-15-48-13-300x225.jpg 300w, https:\/\/residenciaslatorreta.com\/wp-content\/uploads\/2022\/08\/PHOTO-2022-08-18-15-48-13-768x576.jpg 768w, https:\/\/residenciaslatorreta.com\/wp-content\/uploads\/2022\/08\/PHOTO-2022-08-18-15-48-13-800x600.jpg 800w, https:\/\/residenciaslatorreta.com\/wp-content\/uploads\/2022\/08\/PHOTO-2022-08-18-15-48-13-700x525.jpg 700w, https:\/\/residenciaslatorreta.com\/wp-content\/uploads\/2022\/08\/PHOTO-2022-08-18-15-48-13.jpg 960w\" sizes=\"auto, (max-width: 300px) 100vw, 300px\" \/> <img loading=\"lazy\" decoding=\"async\" class=\"alignnone wp-image-4176\" src=\"https:\/\/residenciaslatorreta.com\/wp-content\/uploads\/2022\/08\/PHOTO-2022-08-18-15-48-15-224x300.jpg\" alt=\"Taller cocina La Torreta\" width=\"167\" height=\"224\" srcset=\"https:\/\/residenciaslatorreta.com\/wp-content\/uploads\/2022\/08\/PHOTO-2022-08-18-15-48-15-224x300.jpg 224w, https:\/\/residenciaslatorreta.com\/wp-content\/uploads\/2022\/08\/PHOTO-2022-08-18-15-48-15-766x1024.jpg 766w, https:\/\/residenciaslatorreta.com\/wp-content\/uploads\/2022\/08\/PHOTO-2022-08-18-15-48-15-768x1027.jpg 768w, https:\/\/residenciaslatorreta.com\/wp-content\/uploads\/2022\/08\/PHOTO-2022-08-18-15-48-15-1149x1536.jpg 1149w, https:\/\/residenciaslatorreta.com\/wp-content\/uploads\/2022\/08\/PHOTO-2022-08-18-15-48-15-600x800.jpg 600w, https:\/\/residenciaslatorreta.com\/wp-content\/uploads\/2022\/08\/PHOTO-2022-08-18-15-48-15-700x936.jpg 700w, https:\/\/residenciaslatorreta.com\/wp-content\/uploads\/2022\/08\/PHOTO-2022-08-18-15-48-15.jpg 1496w\" sizes=\"auto, (max-width: 167px) 100vw, 167px\" \/><\/p>\n<p><strong>Taller de rebosteria <\/strong><\/p>\n<p>Para endolcir el dia, hem treballat amb pasta de full i xocolata. Hem gaudit molt aprenent la t\u00e8cnica per aconseguir la textura cruixent i esponjosa de la pasta de full.<\/p>\n<p>\u00a1Ha quedat bon\u00edssima!<\/p>\n<p><img loading=\"lazy\" decoding=\"async\" class=\"alignnone size-medium wp-image-4187\" src=\"https:\/\/residenciaslatorreta.com\/wp-content\/uploads\/2022\/08\/10b0c660-849c-490c-bae2-87f1be9a1ec2-169x300.jpeg\" alt=\"Taller Cocina La Torreta\" width=\"169\" height=\"300\" srcset=\"https:\/\/residenciaslatorreta.com\/wp-content\/uploads\/2022\/08\/10b0c660-849c-490c-bae2-87f1be9a1ec2-169x300.jpeg 169w, https:\/\/residenciaslatorreta.com\/wp-content\/uploads\/2022\/08\/10b0c660-849c-490c-bae2-87f1be9a1ec2-576x1024.jpeg 576w, https:\/\/residenciaslatorreta.com\/wp-content\/uploads\/2022\/08\/10b0c660-849c-490c-bae2-87f1be9a1ec2-768x1365.jpeg 768w, https:\/\/residenciaslatorreta.com\/wp-content\/uploads\/2022\/08\/10b0c660-849c-490c-bae2-87f1be9a1ec2-864x1536.jpeg 864w, https:\/\/residenciaslatorreta.com\/wp-content\/uploads\/2022\/08\/10b0c660-849c-490c-bae2-87f1be9a1ec2-700x1244.jpeg 700w, https:\/\/residenciaslatorreta.com\/wp-content\/uploads\/2022\/08\/10b0c660-849c-490c-bae2-87f1be9a1ec2.jpeg 1152w\" sizes=\"auto, (max-width: 169px) 100vw, 169px\" \/> <img loading=\"lazy\" decoding=\"async\" class=\"alignnone size-medium wp-image-4189\" src=\"https:\/\/residenciaslatorreta.com\/wp-content\/uploads\/2022\/08\/8f5e9b3f-90fe-4f76-bdfb-4e1f4de7caf1-169x300.jpeg\" alt=\"Taller cocina La Torreta\" width=\"169\" height=\"300\" srcset=\"https:\/\/residenciaslatorreta.com\/wp-content\/uploads\/2022\/08\/8f5e9b3f-90fe-4f76-bdfb-4e1f4de7caf1-169x300.jpeg 169w, https:\/\/residenciaslatorreta.com\/wp-content\/uploads\/2022\/08\/8f5e9b3f-90fe-4f76-bdfb-4e1f4de7caf1-576x1024.jpeg 576w, https:\/\/residenciaslatorreta.com\/wp-content\/uploads\/2022\/08\/8f5e9b3f-90fe-4f76-bdfb-4e1f4de7caf1-768x1365.jpeg 768w, https:\/\/residenciaslatorreta.com\/wp-content\/uploads\/2022\/08\/8f5e9b3f-90fe-4f76-bdfb-4e1f4de7caf1-864x1536.jpeg 864w, https:\/\/residenciaslatorreta.com\/wp-content\/uploads\/2022\/08\/8f5e9b3f-90fe-4f76-bdfb-4e1f4de7caf1-700x1244.jpeg 700w, https:\/\/residenciaslatorreta.com\/wp-content\/uploads\/2022\/08\/8f5e9b3f-90fe-4f76-bdfb-4e1f4de7caf1.jpeg 1152w\" sizes=\"auto, (max-width: 169px) 100vw, 169px\" \/> <img loading=\"lazy\" decoding=\"async\" class=\"alignnone size-medium wp-image-4195\" src=\"https:\/\/residenciaslatorreta.com\/wp-content\/uploads\/2022\/08\/995e8c25-4499-49f8-a5b7-7ffcffda1c39-1-169x300.jpeg\" alt=\"\" width=\"169\" height=\"300\" srcset=\"https:\/\/residenciaslatorreta.com\/wp-content\/uploads\/2022\/08\/995e8c25-4499-49f8-a5b7-7ffcffda1c39-1-169x300.jpeg 169w, https:\/\/residenciaslatorreta.com\/wp-content\/uploads\/2022\/08\/995e8c25-4499-49f8-a5b7-7ffcffda1c39-1-576x1024.jpeg 576w, https:\/\/residenciaslatorreta.com\/wp-content\/uploads\/2022\/08\/995e8c25-4499-49f8-a5b7-7ffcffda1c39-1-768x1365.jpeg 768w, https:\/\/residenciaslatorreta.com\/wp-content\/uploads\/2022\/08\/995e8c25-4499-49f8-a5b7-7ffcffda1c39-1-864x1536.jpeg 864w, https:\/\/residenciaslatorreta.com\/wp-content\/uploads\/2022\/08\/995e8c25-4499-49f8-a5b7-7ffcffda1c39-1-700x1244.jpeg 700w, https:\/\/residenciaslatorreta.com\/wp-content\/uploads\/2022\/08\/995e8c25-4499-49f8-a5b7-7ffcffda1c39-1.jpeg 1152w\" sizes=\"auto, (max-width: 169px) 100vw, 169px\" \/> <img loading=\"lazy\" decoding=\"async\" class=\"alignnone size-medium wp-image-4199\" src=\"https:\/\/residenciaslatorreta.com\/wp-content\/uploads\/2022\/08\/cc84d1d5-885c-40af-b34a-5453b1c4fc60-169x300.jpeg\" alt=\"\" width=\"169\" height=\"300\" srcset=\"https:\/\/residenciaslatorreta.com\/wp-content\/uploads\/2022\/08\/cc84d1d5-885c-40af-b34a-5453b1c4fc60-169x300.jpeg 169w, https:\/\/residenciaslatorreta.com\/wp-content\/uploads\/2022\/08\/cc84d1d5-885c-40af-b34a-5453b1c4fc60-576x1024.jpeg 576w, https:\/\/residenciaslatorreta.com\/wp-content\/uploads\/2022\/08\/cc84d1d5-885c-40af-b34a-5453b1c4fc60-768x1365.jpeg 768w, https:\/\/residenciaslatorreta.com\/wp-content\/uploads\/2022\/08\/cc84d1d5-885c-40af-b34a-5453b1c4fc60-864x1536.jpeg 864w, https:\/\/residenciaslatorreta.com\/wp-content\/uploads\/2022\/08\/cc84d1d5-885c-40af-b34a-5453b1c4fc60-700x1244.jpeg 700w, https:\/\/residenciaslatorreta.com\/wp-content\/uploads\/2022\/08\/cc84d1d5-885c-40af-b34a-5453b1c4fc60.jpeg 1152w\" sizes=\"auto, (max-width: 169px) 100vw, 169px\" \/><\/p>\n<p>Tamb\u00e9 hem innovat amb un <strong>Taller de batuts naturals<\/strong> amb maduixes i fruits del bosc. Les nostres persones residents han gaudit molt ja que les fruites havien estat pr\u00e8viament congelades i amb aquesta calor els ha anat molt b\u00e9! Els ha recordat als granissats de la\u00a0 seva infantesa.<\/p>\n<p><img loading=\"lazy\" decoding=\"async\" class=\"alignnone size-medium wp-image-4207\" src=\"https:\/\/residenciaslatorreta.com\/wp-content\/uploads\/2022\/08\/IMG_1563-225x300.jpeg\" alt=\"Taller de batidos La Torreta\" width=\"225\" height=\"300\" srcset=\"https:\/\/residenciaslatorreta.com\/wp-content\/uploads\/2022\/08\/IMG_1563-225x300.jpeg 225w, https:\/\/residenciaslatorreta.com\/wp-content\/uploads\/2022\/08\/IMG_1563-768x1024.jpeg 768w, https:\/\/residenciaslatorreta.com\/wp-content\/uploads\/2022\/08\/IMG_1563-1152x1536.jpeg 1152w, https:\/\/residenciaslatorreta.com\/wp-content\/uploads\/2022\/08\/IMG_1563-1536x2048.jpeg 1536w, https:\/\/residenciaslatorreta.com\/wp-content\/uploads\/2022\/08\/IMG_1563-600x800.jpeg 600w, https:\/\/residenciaslatorreta.com\/wp-content\/uploads\/2022\/08\/IMG_1563-700x933.jpeg 700w, https:\/\/residenciaslatorreta.com\/wp-content\/uploads\/2022\/08\/IMG_1563-scaled.jpeg 1920w\" sizes=\"auto, (max-width: 225px) 100vw, 225px\" \/> <img loading=\"lazy\" decoding=\"async\" class=\"alignnone size-medium wp-image-4209\" src=\"https:\/\/residenciaslatorreta.com\/wp-content\/uploads\/2022\/08\/IMG_1565-225x300.jpeg\" alt=\"\" width=\"225\" height=\"300\" srcset=\"https:\/\/residenciaslatorreta.com\/wp-content\/uploads\/2022\/08\/IMG_1565-225x300.jpeg 225w, https:\/\/residenciaslatorreta.com\/wp-content\/uploads\/2022\/08\/IMG_1565-768x1024.jpeg 768w, https:\/\/residenciaslatorreta.com\/wp-content\/uploads\/2022\/08\/IMG_1565-1152x1536.jpeg 1152w, https:\/\/residenciaslatorreta.com\/wp-content\/uploads\/2022\/08\/IMG_1565-1536x2048.jpeg 1536w, https:\/\/residenciaslatorreta.com\/wp-content\/uploads\/2022\/08\/IMG_1565-600x800.jpeg 600w, https:\/\/residenciaslatorreta.com\/wp-content\/uploads\/2022\/08\/IMG_1565-700x933.jpeg 700w, https:\/\/residenciaslatorreta.com\/wp-content\/uploads\/2022\/08\/IMG_1565-scaled.jpeg 1920w\" sizes=\"auto, (max-width: 225px) 100vw, 225px\" \/> <img loading=\"lazy\" decoding=\"async\" class=\"alignnone size-medium wp-image-4211\" src=\"https:\/\/residenciaslatorreta.com\/wp-content\/uploads\/2022\/08\/IMG_1566-225x300.jpeg\" alt=\"\" width=\"225\" height=\"300\" srcset=\"https:\/\/residenciaslatorreta.com\/wp-content\/uploads\/2022\/08\/IMG_1566-225x300.jpeg 225w, https:\/\/residenciaslatorreta.com\/wp-content\/uploads\/2022\/08\/IMG_1566-768x1024.jpeg 768w, https:\/\/residenciaslatorreta.com\/wp-content\/uploads\/2022\/08\/IMG_1566-1152x1536.jpeg 1152w, https:\/\/residenciaslatorreta.com\/wp-content\/uploads\/2022\/08\/IMG_1566-1536x2048.jpeg 1536w, https:\/\/residenciaslatorreta.com\/wp-content\/uploads\/2022\/08\/IMG_1566-600x800.jpeg 600w, https:\/\/residenciaslatorreta.com\/wp-content\/uploads\/2022\/08\/IMG_1566-700x933.jpeg 700w, https:\/\/residenciaslatorreta.com\/wp-content\/uploads\/2022\/08\/IMG_1566-scaled.jpeg 1920w\" sizes=\"auto, (max-width: 225px) 100vw, 225px\" \/><\/p>\n<p>Aix\u00ed \u00e9s com gaudim de l \u00b4estiu!<\/p>\n<p>&nbsp;<\/p>\n<p>&nbsp;<\/p>\n<p>&nbsp;<\/p>\n<p>&nbsp;<\/p>\n","protected":false},"excerpt":{"rendered":"<p>A les Resid\u00e8ncies i Centres de Dia de La Torreta ens mantenim actius &nbsp; Les persones grans que es cuiden tant a nivell f\u00edsic como mental tenen una millor qualitat de vida. Per envellir amb un sistema immunitari sa, t\u00e9 especial import\u00e0ncia l\u00b4alimentaci\u00f3, ( a&#8230;<\/p>\n","protected":false},"author":5,"featured_media":4214,"comment_status":"closed","ping_status":"open","sticky":false,"template":"","format":"standard","meta":{"footnotes":""},"categories":[29,30,1],"tags":[],"yst_prominent_words":[],"class_list":["post-4222","post","type-post","status-publish","format-standard","has-post-thumbnail","hentry","category-actualidad","category-actualidad-ca","category-sin-categorizar"],"_links":{"self":[{"href":"https:\/\/residenciaslatorreta.com\/ca\/wp-json\/wp\/v2\/posts\/4222","targetHints":{"allow":["GET"]}}],"collection":[{"href":"https:\/\/residenciaslatorreta.com\/ca\/wp-json\/wp\/v2\/posts"}],"about":[{"href":"https:\/\/residenciaslatorreta.com\/ca\/wp-json\/wp\/v2\/types\/post"}],"author":[{"embeddable":true,"href":"https:\/\/residenciaslatorreta.com\/ca\/wp-json\/wp\/v2\/users\/5"}],"replies":[{"embeddable":true,"href":"https:\/\/residenciaslatorreta.com\/ca\/wp-json\/wp\/v2\/comments?post=4222"}],"version-history":[{"count":11,"href":"https:\/\/residenciaslatorreta.com\/ca\/wp-json\/wp\/v2\/posts\/4222\/revisions"}],"predecessor-version":[{"id":4239,"href":"https:\/\/residenciaslatorreta.com\/ca\/wp-json\/wp\/v2\/posts\/4222\/revisions\/4239"}],"wp:featuredmedia":[{"embeddable":true,"href":"https:\/\/residenciaslatorreta.com\/ca\/wp-json\/wp\/v2\/media\/4214"}],"wp:attachment":[{"href":"https:\/\/residenciaslatorreta.com\/ca\/wp-json\/wp\/v2\/media?parent=4222"}],"wp:term":[{"taxonomy":"category","embeddable":true,"href":"https:\/\/residenciaslatorreta.com\/ca\/wp-json\/wp\/v2\/categories?post=4222"},{"taxonomy":"post_tag","embeddable":true,"href":"https:\/\/residenciaslatorreta.com\/ca\/wp-json\/wp\/v2\/tags?post=4222"},{"taxonomy":"yst_prominent_words","embeddable":true,"href":"https:\/\/residenciaslatorreta.com\/ca\/wp-json\/wp\/v2\/yst_prominent_words?post=4222"}],"curies":[{"name":"wp","href":"https:\/\/api.w.org\/{rel}","templated":true}]}}