{"id":3941,"date":"2022-07-05T08:01:17","date_gmt":"2022-07-05T08:01:17","guid":{"rendered":"https:\/\/residenciaslatorreta.com\/celebracion-centenario-la-torreta-eixample-prat\/"},"modified":"2022-07-05T15:26:26","modified_gmt":"2022-07-05T15:26:26","slug":"celebracion-centenario-la-torreta-eixample-prat","status":"publish","type":"post","link":"https:\/\/residenciaslatorreta.com\/ca\/celebracion-centenario-la-torreta-eixample-prat\/","title":{"rendered":"Celebraci\u00f3 de 100 anys a La Torreta Eixample El Prat"},"content":{"rendered":"<h3>Un mat\u00ed molt emotiu<\/h3>\n<p>&nbsp;<\/p>\n<p>Aquest mes de juny hem estat molt feli\u00e7os amb una celebraci\u00f3 molt especial a <strong>La Torreta Eixample El Prat<\/strong>. La nostre resident Raimunda ha complert <strong>100 anys<\/strong> amb la companyia de la seva fam\u00edlia i de les persones treballadores i companyes i companys del centre.<\/p>\n<p>En aquesta ocasi\u00f3 hem tingut el privilegi de rebre la visita\u00a0 de l \u00b4alcalde del Prat, Llu\u00eds Mijoler,\u00a0 que ha estat present en la celebraci\u00f3 per donar-li una placa commemorativa amb el seu nom i dedicar-li unes boniques paraules. La regidora d\u00b4 acci\u00f3 comunit\u00e0ria, Esther Garc\u00eda, li ha fet entrega tamb\u00e9 d\u00b4 un preci\u00f3s ram de flors.<\/p>\n<p>Raimunda va viure a Hospitalet fins que\u00a0 va venir a viure amb nosaltres<strong>\u00a0<\/strong>fa mes d\u00b4 un any i gaudeix de molt bona salut gr\u00e0cies al seu car\u00e0cter i la seva energia.<\/p>\n<p>La nostre resident s\u00b4 ha emocionat molt amb el significat d\u00b4aquest dia per a ella.<\/p>\n<p>&nbsp;<\/p>\n<p><strong>Qualitat de Vida i Edat<\/strong><\/p>\n<p>Les condicions que afavoreixen una bona qualitat de vida en les persones relacionades amb l\u00b4 edat s\u00f3n :<\/p>\n<ul>\n<li>Tenir una bona salut (f\u00edsica i mental)<\/li>\n<li>Les habilitats funcionals<\/li>\n<li>Les habilitats cognitives<\/li>\n<li>Les relacions socials amb amics i fam\u00edlia<\/li>\n<li>Els serveis socials i sanitaris de que disposen<\/li>\n<li>La qualitat en el propi domicili o resid\u00e8ncia (tenir una vivenda c\u00f2moda i amb bons serveis)<\/li>\n<li>La satisfacci\u00f3 amb la vida (haver tingut una vida satisfact\u00f2ria i plena)<\/li>\n<li>Les oportunitats culturals i \/ o d\u00b4aprenentatge (seguir tenint oportunitat d\u00b4 aprendre coses noves que motivin a la persona)<\/li>\n<\/ul>\n<p>&nbsp;<\/p>\n<p>En aquest sentit, les activitats que es realitzen a les <strong>Resid\u00e8ncies La Torreta<\/strong>, tenen com a eix central a la <strong>persona gran<\/strong>. Cada \u00e9sser \u00e9s \u00fanic, saber qui \u00e9s,\u00a0 la seva hist\u00f2ria de vida, els seus gustos i prefer\u00e8ncies, rutines i costums, son aspectes fonamentals per contribuir al projecte de vida que tots nosaltres anem fent dia a dia.<\/p>\n<p>Us deixem algunes de les imatges de la celebraci\u00f3.<\/p>\n<p><img loading=\"lazy\" decoding=\"async\" class=\"alignnone wp-image-3917 \" src=\"https:\/\/residenciaslatorreta.com\/wp-content\/uploads\/2022\/06\/RAIMUNDA-300x295.jpg\" alt=\"Placa Centenario\" width=\"308\" height=\"303\" srcset=\"https:\/\/residenciaslatorreta.com\/wp-content\/uploads\/2022\/06\/RAIMUNDA-300x295.jpg 300w, https:\/\/residenciaslatorreta.com\/wp-content\/uploads\/2022\/06\/RAIMUNDA-1024x1006.jpg 1024w, https:\/\/residenciaslatorreta.com\/wp-content\/uploads\/2022\/06\/RAIMUNDA-768x754.jpg 768w, https:\/\/residenciaslatorreta.com\/wp-content\/uploads\/2022\/06\/RAIMUNDA-1536x1509.jpg 1536w, https:\/\/residenciaslatorreta.com\/wp-content\/uploads\/2022\/06\/RAIMUNDA-2048x2012.jpg 2048w, https:\/\/residenciaslatorreta.com\/wp-content\/uploads\/2022\/06\/RAIMUNDA-700x688.jpg 700w\" sizes=\"auto, (max-width: 308px) 100vw, 308px\" \/>\u00a0 \u00a0 <img loading=\"lazy\" decoding=\"async\" class=\"alignnone wp-image-3919 \" src=\"https:\/\/residenciaslatorreta.com\/wp-content\/uploads\/2022\/06\/Alcalde-293x300.jpg\" alt=\"Fiesta Centenario\" width=\"294\" height=\"301\" srcset=\"https:\/\/residenciaslatorreta.com\/wp-content\/uploads\/2022\/06\/Alcalde-293x300.jpg 293w, https:\/\/residenciaslatorreta.com\/wp-content\/uploads\/2022\/06\/Alcalde-999x1024.jpg 999w, https:\/\/residenciaslatorreta.com\/wp-content\/uploads\/2022\/06\/Alcalde-768x787.jpg 768w, https:\/\/residenciaslatorreta.com\/wp-content\/uploads\/2022\/06\/Alcalde-1499x1536.jpg 1499w, https:\/\/residenciaslatorreta.com\/wp-content\/uploads\/2022\/06\/Alcalde-700x717.jpg 700w, https:\/\/residenciaslatorreta.com\/wp-content\/uploads\/2022\/06\/Alcalde.jpg 1710w\" sizes=\"auto, (max-width: 294px) 100vw, 294px\" \/> \u00a0<img loading=\"lazy\" decoding=\"async\" class=\"alignnone wp-image-3921 \" src=\"https:\/\/residenciaslatorreta.com\/wp-content\/uploads\/2022\/06\/Familia-300x223.jpg\" alt=\"Fiesta Centenario\" width=\"350\" height=\"261\" srcset=\"https:\/\/residenciaslatorreta.com\/wp-content\/uploads\/2022\/06\/Familia-300x223.jpg 300w, https:\/\/residenciaslatorreta.com\/wp-content\/uploads\/2022\/06\/Familia-1024x762.jpg 1024w, https:\/\/residenciaslatorreta.com\/wp-content\/uploads\/2022\/06\/Familia-768x572.jpg 768w, https:\/\/residenciaslatorreta.com\/wp-content\/uploads\/2022\/06\/Familia-1536x1143.jpg 1536w, https:\/\/residenciaslatorreta.com\/wp-content\/uploads\/2022\/06\/Familia-2048x1524.jpg 2048w, https:\/\/residenciaslatorreta.com\/wp-content\/uploads\/2022\/06\/Familia-700x521.jpg 700w\" sizes=\"auto, (max-width: 350px) 100vw, 350px\" \/> <img loading=\"lazy\" decoding=\"async\" class=\"alignnone wp-image-3915 \" src=\"https:\/\/residenciaslatorreta.com\/wp-content\/uploads\/2022\/06\/Pastel-300x223.jpg\" alt=\"Fiesta 100 a\u00f1os Torreta\" width=\"348\" height=\"259\" srcset=\"https:\/\/residenciaslatorreta.com\/wp-content\/uploads\/2022\/06\/Pastel-300x223.jpg 300w, https:\/\/residenciaslatorreta.com\/wp-content\/uploads\/2022\/06\/Pastel-1024x762.jpg 1024w, https:\/\/residenciaslatorreta.com\/wp-content\/uploads\/2022\/06\/Pastel-768x572.jpg 768w, https:\/\/residenciaslatorreta.com\/wp-content\/uploads\/2022\/06\/Pastel-1536x1143.jpg 1536w, https:\/\/residenciaslatorreta.com\/wp-content\/uploads\/2022\/06\/Pastel-2048x1524.jpg 2048w, https:\/\/residenciaslatorreta.com\/wp-content\/uploads\/2022\/06\/Pastel-700x521.jpg 700w\" sizes=\"auto, (max-width: 348px) 100vw, 348px\" \/><\/p>\n<p>\u00a1Moltes Felicitats Raimunda!<\/p>\n","protected":false},"excerpt":{"rendered":"<p>Un mat\u00ed molt emotiu &nbsp; Aquest mes de juny hem estat molt feli\u00e7os amb una celebraci\u00f3 molt especial a La Torreta Eixample El Prat. La nostre resident Raimunda ha complert 100 anys amb la companyia de la seva fam\u00edlia i de les persones treballadores i&#8230;<\/p>\n","protected":false},"author":5,"featured_media":3912,"comment_status":"closed","ping_status":"open","sticky":false,"template":"","format":"standard","meta":{"footnotes":""},"categories":[29,13],"tags":[],"yst_prominent_words":[],"class_list":["post-3941","post","type-post","status-publish","format-standard","has-post-thumbnail","hentry","category-actualidad","category-sense-categoria"],"_links":{"self":[{"href":"https:\/\/residenciaslatorreta.com\/ca\/wp-json\/wp\/v2\/posts\/3941","targetHints":{"allow":["GET"]}}],"collection":[{"href":"https:\/\/residenciaslatorreta.com\/ca\/wp-json\/wp\/v2\/posts"}],"about":[{"href":"https:\/\/residenciaslatorreta.com\/ca\/wp-json\/wp\/v2\/types\/post"}],"author":[{"embeddable":true,"href":"https:\/\/residenciaslatorreta.com\/ca\/wp-json\/wp\/v2\/users\/5"}],"replies":[{"embeddable":true,"href":"https:\/\/residenciaslatorreta.com\/ca\/wp-json\/wp\/v2\/comments?post=3941"}],"version-history":[{"count":7,"href":"https:\/\/residenciaslatorreta.com\/ca\/wp-json\/wp\/v2\/posts\/3941\/revisions"}],"predecessor-version":[{"id":3965,"href":"https:\/\/residenciaslatorreta.com\/ca\/wp-json\/wp\/v2\/posts\/3941\/revisions\/3965"}],"wp:featuredmedia":[{"embeddable":true,"href":"https:\/\/residenciaslatorreta.com\/ca\/wp-json\/wp\/v2\/media\/3912"}],"wp:attachment":[{"href":"https:\/\/residenciaslatorreta.com\/ca\/wp-json\/wp\/v2\/media?parent=3941"}],"wp:term":[{"taxonomy":"category","embeddable":true,"href":"https:\/\/residenciaslatorreta.com\/ca\/wp-json\/wp\/v2\/categories?post=3941"},{"taxonomy":"post_tag","embeddable":true,"href":"https:\/\/residenciaslatorreta.com\/ca\/wp-json\/wp\/v2\/tags?post=3941"},{"taxonomy":"yst_prominent_words","embeddable":true,"href":"https:\/\/residenciaslatorreta.com\/ca\/wp-json\/wp\/v2\/yst_prominent_words?post=3941"}],"curies":[{"name":"wp","href":"https:\/\/api.w.org\/{rel}","templated":true}]}}