{"id":3664,"date":"2022-05-18T18:16:57","date_gmt":"2022-05-18T18:16:57","guid":{"rendered":"https:\/\/residenciaslatorreta.com\/excursion-la-iglesia-sant-ponc-la-torreta-corbera\/"},"modified":"2022-05-20T07:50:03","modified_gmt":"2022-05-20T07:50:03","slug":"excursion-la-iglesia-sant-ponc-la-torreta-corbera","status":"publish","type":"post","link":"https:\/\/residenciaslatorreta.com\/ca\/excursion-la-iglesia-sant-ponc-la-torreta-corbera\/","title":{"rendered":"Excursi\u00f3 a l \u00b4Esgl\u00e9sia de Sant Pon\u00e7 a La Torreta de Corbera"},"content":{"rendered":"<h3>Sortida cultural amb missa a l\u00b4 ermita i espectaculars vistes al mass\u00eds del Garraf<\/h3>\n<p>&nbsp;<\/p>\n<p>Aquesta setmana ens hem despla\u00e7at amb un grup d\u00b4usuaris de <strong>La Torreta de Corbera<\/strong> fins a\u00a0 l \u00b4<strong>Esgl\u00e9sia de Sant Pon\u00e7 <\/strong>situada entre el terme municipal de Cervell\u00f3 i Corbera de Llobregat i que est\u00e0 a 325 m d\u00b4altitud.<\/p>\n<p>Es tracta d\u00b4un edifici rom\u00e0nic llombard del segle XI, que \u00e9s l \u00b4\u00fanic que queda d\u00b4un antic priorat benedict\u00ed i que es va declarar monument hist\u00f2ric l \u00b4any 1931. \u00c9s un dels edificis rom\u00e0nics m\u00e9s notables i m\u00e9s ben conservats de Catalunya que tenim a prop del nostre centre i que val molt la pena visitar.<\/p>\n<p>All\u00e0 el Moss\u00e8n de la Palma de Cervell\u00f3 ens ha ofert una bonica missa i ens ha explicat que originalment l \u00b4esgl\u00e9sia formava part del monestir benedict\u00ed amb el mateix nom i que per aquesta ra\u00f3 es troba la talla de Sant Benet, fundador dels monestirs, a m\u00e9s a m\u00e9s de la de Sant Pon\u00e7 i la de la Mare de D\u00e9u de la Bona Llet.<\/p>\n<p>A la missa, el Moss\u00e8n ha estat conversant amb els nostres usuaris que han fet una pregaria per la salut i per la pau al m\u00f3n.<\/p>\n<p><img loading=\"lazy\" decoding=\"async\" class=\"alignnone wp-image-3619\" src=\"https:\/\/residenciaslatorreta.com\/wp-content\/uploads\/2022\/05\/Entrada-misa-300x199.jpg\" alt=\"Excursi\u00f3n Iglesia de Sant Pon\u00e7 Residencia La Torreta de Corbera\" width=\"276\" height=\"183\" srcset=\"https:\/\/residenciaslatorreta.com\/wp-content\/uploads\/2022\/05\/Entrada-misa-300x199.jpg 300w, https:\/\/residenciaslatorreta.com\/wp-content\/uploads\/2022\/05\/Entrada-misa-1024x681.jpg 1024w, https:\/\/residenciaslatorreta.com\/wp-content\/uploads\/2022\/05\/Entrada-misa-768x511.jpg 768w, https:\/\/residenciaslatorreta.com\/wp-content\/uploads\/2022\/05\/Entrada-misa-1536x1021.jpg 1536w, https:\/\/residenciaslatorreta.com\/wp-content\/uploads\/2022\/05\/Entrada-misa-2048x1362.jpg 2048w, https:\/\/residenciaslatorreta.com\/wp-content\/uploads\/2022\/05\/Entrada-misa-700x465.jpg 700w\" sizes=\"auto, (max-width: 276px) 100vw, 276px\" \/>\u00a0 <img loading=\"lazy\" decoding=\"async\" class=\"alignnone wp-image-3629\" src=\"https:\/\/residenciaslatorreta.com\/wp-content\/uploads\/2022\/05\/usuariasbanco-300x216.jpg\" alt=\"Excursi\u00f3n Iglesia de Sant Pon\u00e7 Residencia La Torreta de Corbera\" width=\"254\" height=\"183\" srcset=\"https:\/\/residenciaslatorreta.com\/wp-content\/uploads\/2022\/05\/usuariasbanco-300x216.jpg 300w, https:\/\/residenciaslatorreta.com\/wp-content\/uploads\/2022\/05\/usuariasbanco-1024x737.jpg 1024w, https:\/\/residenciaslatorreta.com\/wp-content\/uploads\/2022\/05\/usuariasbanco-768x552.jpg 768w, https:\/\/residenciaslatorreta.com\/wp-content\/uploads\/2022\/05\/usuariasbanco-1536x1105.jpg 1536w, https:\/\/residenciaslatorreta.com\/wp-content\/uploads\/2022\/05\/usuariasbanco-2048x1473.jpg 2048w, https:\/\/residenciaslatorreta.com\/wp-content\/uploads\/2022\/05\/usuariasbanco-700x504.jpg 700w\" sizes=\"auto, (max-width: 254px) 100vw, 254px\" \/>\u00a0 <img loading=\"lazy\" decoding=\"async\" class=\"alignnone wp-image-3631\" src=\"https:\/\/residenciaslatorreta.com\/wp-content\/uploads\/2022\/05\/usuariasbanco2-300x216.jpg\" alt=\"Excursi\u00f3n Iglesia de Sant Pon\u00e7 Residencia La Torreta de Corbera\" width=\"254\" height=\"183\" srcset=\"https:\/\/residenciaslatorreta.com\/wp-content\/uploads\/2022\/05\/usuariasbanco2-300x216.jpg 300w, https:\/\/residenciaslatorreta.com\/wp-content\/uploads\/2022\/05\/usuariasbanco2-1024x736.jpg 1024w, https:\/\/residenciaslatorreta.com\/wp-content\/uploads\/2022\/05\/usuariasbanco2-768x552.jpg 768w, https:\/\/residenciaslatorreta.com\/wp-content\/uploads\/2022\/05\/usuariasbanco2-1536x1104.jpg 1536w, https:\/\/residenciaslatorreta.com\/wp-content\/uploads\/2022\/05\/usuariasbanco2-2048x1472.jpg 2048w, https:\/\/residenciaslatorreta.com\/wp-content\/uploads\/2022\/05\/usuariasbanco2-700x503.jpg 700w\" sizes=\"auto, (max-width: 254px) 100vw, 254px\" \/><\/p>\n<p><img loading=\"lazy\" decoding=\"async\" class=\"alignnone wp-image-3625 size-medium\" src=\"https:\/\/residenciaslatorreta.com\/wp-content\/uploads\/2022\/05\/misa2-300x225.jpg\" alt=\"Excursi\u00f3n Iglesia de Sant Pon\u00e7 Residencia La Torreta de Corbera\" width=\"300\" height=\"225\" srcset=\"https:\/\/residenciaslatorreta.com\/wp-content\/uploads\/2022\/05\/misa2-300x225.jpg 300w, https:\/\/residenciaslatorreta.com\/wp-content\/uploads\/2022\/05\/misa2-1024x768.jpg 1024w, https:\/\/residenciaslatorreta.com\/wp-content\/uploads\/2022\/05\/misa2-768x576.jpg 768w, https:\/\/residenciaslatorreta.com\/wp-content\/uploads\/2022\/05\/misa2-1536x1152.jpg 1536w, https:\/\/residenciaslatorreta.com\/wp-content\/uploads\/2022\/05\/misa2-2048x1536.jpg 2048w, https:\/\/residenciaslatorreta.com\/wp-content\/uploads\/2022\/05\/misa2-800x600.jpg 800w, https:\/\/residenciaslatorreta.com\/wp-content\/uploads\/2022\/05\/misa2-700x525.jpg 700w\" sizes=\"auto, (max-width: 300px) 100vw, 300px\" \/> <img loading=\"lazy\" decoding=\"async\" class=\"alignnone wp-image-3627 size-medium\" src=\"https:\/\/residenciaslatorreta.com\/wp-content\/uploads\/2022\/05\/mossenmisa-300x225.jpg\" alt=\"Excursi\u00f3n Iglesia de Sant Pon\u00e7 Residencia La Torreta de Corbera\" width=\"300\" height=\"225\" srcset=\"https:\/\/residenciaslatorreta.com\/wp-content\/uploads\/2022\/05\/mossenmisa-300x225.jpg 300w, https:\/\/residenciaslatorreta.com\/wp-content\/uploads\/2022\/05\/mossenmisa-1024x768.jpg 1024w, https:\/\/residenciaslatorreta.com\/wp-content\/uploads\/2022\/05\/mossenmisa-768x576.jpg 768w, https:\/\/residenciaslatorreta.com\/wp-content\/uploads\/2022\/05\/mossenmisa-1536x1152.jpg 1536w, https:\/\/residenciaslatorreta.com\/wp-content\/uploads\/2022\/05\/mossenmisa-2048x1536.jpg 2048w, https:\/\/residenciaslatorreta.com\/wp-content\/uploads\/2022\/05\/mossenmisa-800x600.jpg 800w, https:\/\/residenciaslatorreta.com\/wp-content\/uploads\/2022\/05\/mossenmisa-700x525.jpg 700w\" sizes=\"auto, (max-width: 300px) 100vw, 300px\" \/> <img loading=\"lazy\" decoding=\"async\" class=\"alignnone wp-image-3653\" src=\"https:\/\/residenciaslatorreta.com\/wp-content\/uploads\/2022\/05\/Sant-Benet-225x300.jpg\" alt=\"Excursi\u00f3n Iglesia de Sant Pon\u00e7 Residencia La Torreta de Corbera\" width=\"169\" height=\"225\" srcset=\"https:\/\/residenciaslatorreta.com\/wp-content\/uploads\/2022\/05\/Sant-Benet-225x300.jpg 225w, https:\/\/residenciaslatorreta.com\/wp-content\/uploads\/2022\/05\/Sant-Benet-768x1024.jpg 768w, https:\/\/residenciaslatorreta.com\/wp-content\/uploads\/2022\/05\/Sant-Benet-600x800.jpg 600w, https:\/\/residenciaslatorreta.com\/wp-content\/uploads\/2022\/05\/Sant-Benet-700x934.jpg 700w, https:\/\/residenciaslatorreta.com\/wp-content\/uploads\/2022\/05\/Sant-Benet.jpg 1150w\" sizes=\"auto, (max-width: 169px) 100vw, 169px\" \/><\/p>\n<p>A l \u00b4acabar la missa, hem estat caminant per fora de l\u00b4esgl\u00e9sia, contemplant l \u00b4ermita, on ens hem fet unes fotografies gaudint de la natura i la pau del lloc.<\/p>\n<p><img loading=\"lazy\" decoding=\"async\" class=\"alignnone wp-image-3637\" src=\"https:\/\/residenciaslatorreta.com\/wp-content\/uploads\/2022\/05\/ermita-entrada-ok-300x224.jpg\" alt=\"Excursi\u00f3n Iglesia de Sant Pon\u00e7 Residencia La Torreta de Corbera\" width=\"283\" height=\"211\" srcset=\"https:\/\/residenciaslatorreta.com\/wp-content\/uploads\/2022\/05\/ermita-entrada-ok-300x224.jpg 300w, https:\/\/residenciaslatorreta.com\/wp-content\/uploads\/2022\/05\/ermita-entrada-ok-1024x764.jpg 1024w, https:\/\/residenciaslatorreta.com\/wp-content\/uploads\/2022\/05\/ermita-entrada-ok-768x573.jpg 768w, https:\/\/residenciaslatorreta.com\/wp-content\/uploads\/2022\/05\/ermita-entrada-ok-1536x1146.jpg 1536w, https:\/\/residenciaslatorreta.com\/wp-content\/uploads\/2022\/05\/ermita-entrada-ok-2048x1527.jpg 2048w, https:\/\/residenciaslatorreta.com\/wp-content\/uploads\/2022\/05\/ermita-entrada-ok-800x600.jpg 800w, https:\/\/residenciaslatorreta.com\/wp-content\/uploads\/2022\/05\/ermita-entrada-ok-700x522.jpg 700w\" sizes=\"auto, (max-width: 283px) 100vw, 283px\" \/>\u00a0 \u00a0 <img loading=\"lazy\" decoding=\"async\" class=\"alignnone wp-image-3635\" src=\"https:\/\/residenciaslatorreta.com\/wp-content\/uploads\/2022\/05\/ermitaarbol-226x300.jpg\" alt=\"Excursi\u00f3n Iglesia de Sant Pon\u00e7 Residencia La Torreta de Corbera\" width=\"160\" height=\"212\" srcset=\"https:\/\/residenciaslatorreta.com\/wp-content\/uploads\/2022\/05\/ermitaarbol-226x300.jpg 226w, https:\/\/residenciaslatorreta.com\/wp-content\/uploads\/2022\/05\/ermitaarbol-770x1024.jpg 770w, https:\/\/residenciaslatorreta.com\/wp-content\/uploads\/2022\/05\/ermitaarbol-768x1022.jpg 768w, https:\/\/residenciaslatorreta.com\/wp-content\/uploads\/2022\/05\/ermitaarbol-1155x1536.jpg 1155w, https:\/\/residenciaslatorreta.com\/wp-content\/uploads\/2022\/05\/ermitaarbol-600x800.jpg 600w, https:\/\/residenciaslatorreta.com\/wp-content\/uploads\/2022\/05\/ermitaarbol-700x931.jpg 700w, https:\/\/residenciaslatorreta.com\/wp-content\/uploads\/2022\/05\/ermitaarbol.jpg 1320w\" sizes=\"auto, (max-width: 160px) 100vw, 160px\" \/> \u00a0 <img loading=\"lazy\" decoding=\"async\" class=\"alignnone wp-image-3659\" src=\"https:\/\/residenciaslatorreta.com\/wp-content\/uploads\/2022\/05\/ermitaok-1-300x199.jpg\" alt=\"Excursi\u00f3n Iglesia de Sant Pon\u00e7 Residencia La Torreta de Corbera\" width=\"318\" height=\"211\" srcset=\"https:\/\/residenciaslatorreta.com\/wp-content\/uploads\/2022\/05\/ermitaok-1-300x199.jpg 300w, https:\/\/residenciaslatorreta.com\/wp-content\/uploads\/2022\/05\/ermitaok-1-1024x681.jpg 1024w, https:\/\/residenciaslatorreta.com\/wp-content\/uploads\/2022\/05\/ermitaok-1-768x511.jpg 768w, https:\/\/residenciaslatorreta.com\/wp-content\/uploads\/2022\/05\/ermitaok-1-1536x1021.jpg 1536w, https:\/\/residenciaslatorreta.com\/wp-content\/uploads\/2022\/05\/ermitaok-1-2048x1362.jpg 2048w, https:\/\/residenciaslatorreta.com\/wp-content\/uploads\/2022\/05\/ermitaok-1-700x465.jpg 700w\" sizes=\"auto, (max-width: 318px) 100vw, 318px\" \/><\/p>\n<p>Als nostres residents els hi ha agradat molt la excursi\u00f3, i\u00a0 a l\u00b4arribar al centre hem pres un aperitiu amb begudes aprofitant el preci\u00f3s dia assolellat que ens ha fet.<\/p>\n<p><img loading=\"lazy\" decoding=\"async\" class=\"alignnone wp-image-3650 size-medium\" src=\"https:\/\/residenciaslatorreta.com\/wp-content\/uploads\/2022\/05\/aperitivook-1-300x260.jpg\" alt=\"Aperitivo en La Torreta de Corbera\" width=\"300\" height=\"260\" srcset=\"https:\/\/residenciaslatorreta.com\/wp-content\/uploads\/2022\/05\/aperitivook-1-300x260.jpg 300w, https:\/\/residenciaslatorreta.com\/wp-content\/uploads\/2022\/05\/aperitivook-1-1024x887.jpg 1024w, https:\/\/residenciaslatorreta.com\/wp-content\/uploads\/2022\/05\/aperitivook-1-768x665.jpg 768w, https:\/\/residenciaslatorreta.com\/wp-content\/uploads\/2022\/05\/aperitivook-1-1536x1331.jpg 1536w, https:\/\/residenciaslatorreta.com\/wp-content\/uploads\/2022\/05\/aperitivook-1-2048x1774.jpg 2048w, https:\/\/residenciaslatorreta.com\/wp-content\/uploads\/2022\/05\/aperitivook-1-700x606.jpg 700w\" sizes=\"auto, (max-width: 300px) 100vw, 300px\" \/><\/p>\n<p>&nbsp;<\/p>\n","protected":false},"excerpt":{"rendered":"<p>Sortida cultural amb missa a l\u00b4 ermita i espectaculars vistes al mass\u00eds del Garraf &nbsp; Aquesta setmana ens hem despla\u00e7at amb un grup d\u00b4usuaris de La Torreta de Corbera fins a\u00a0 l \u00b4Esgl\u00e9sia de Sant Pon\u00e7 situada entre el terme municipal de Cervell\u00f3 i Corbera&#8230;<\/p>\n","protected":false},"author":5,"featured_media":3613,"comment_status":"closed","ping_status":"open","sticky":false,"template":"","format":"standard","meta":{"footnotes":""},"categories":[30],"tags":[],"yst_prominent_words":[],"class_list":["post-3664","post","type-post","status-publish","format-standard","has-post-thumbnail","hentry","category-actualidad-ca"],"_links":{"self":[{"href":"https:\/\/residenciaslatorreta.com\/ca\/wp-json\/wp\/v2\/posts\/3664","targetHints":{"allow":["GET"]}}],"collection":[{"href":"https:\/\/residenciaslatorreta.com\/ca\/wp-json\/wp\/v2\/posts"}],"about":[{"href":"https:\/\/residenciaslatorreta.com\/ca\/wp-json\/wp\/v2\/types\/post"}],"author":[{"embeddable":true,"href":"https:\/\/residenciaslatorreta.com\/ca\/wp-json\/wp\/v2\/users\/5"}],"replies":[{"embeddable":true,"href":"https:\/\/residenciaslatorreta.com\/ca\/wp-json\/wp\/v2\/comments?post=3664"}],"version-history":[{"count":13,"href":"https:\/\/residenciaslatorreta.com\/ca\/wp-json\/wp\/v2\/posts\/3664\/revisions"}],"predecessor-version":[{"id":3681,"href":"https:\/\/residenciaslatorreta.com\/ca\/wp-json\/wp\/v2\/posts\/3664\/revisions\/3681"}],"wp:featuredmedia":[{"embeddable":true,"href":"https:\/\/residenciaslatorreta.com\/ca\/wp-json\/wp\/v2\/media\/3613"}],"wp:attachment":[{"href":"https:\/\/residenciaslatorreta.com\/ca\/wp-json\/wp\/v2\/media?parent=3664"}],"wp:term":[{"taxonomy":"category","embeddable":true,"href":"https:\/\/residenciaslatorreta.com\/ca\/wp-json\/wp\/v2\/categories?post=3664"},{"taxonomy":"post_tag","embeddable":true,"href":"https:\/\/residenciaslatorreta.com\/ca\/wp-json\/wp\/v2\/tags?post=3664"},{"taxonomy":"yst_prominent_words","embeddable":true,"href":"https:\/\/residenciaslatorreta.com\/ca\/wp-json\/wp\/v2\/yst_prominent_words?post=3664"}],"curies":[{"name":"wp","href":"https:\/\/api.w.org\/{rel}","templated":true}]}}