{"id":2816,"date":"2021-02-25T10:00:21","date_gmt":"2021-02-25T10:00:21","guid":{"rendered":"https:\/\/residenciaslatorreta.com\/cuando-las-barbas-vecino-veas-cortarmucho-ojo\/"},"modified":"2022-03-02T15:53:31","modified_gmt":"2022-03-02T15:53:31","slug":"cuando-las-barbas-vecino-veas-cortarmucho-ojo","status":"publish","type":"post","link":"https:\/\/residenciaslatorreta.com\/ca\/cuando-las-barbas-vecino-veas-cortarmucho-ojo\/","title":{"rendered":"Vacunaci\u00f3 de la gent gran a les resid\u00e8ncies"},"content":{"rendered":"<p><strong>Resid\u00e8ncies La Torreta, un espai segur i protegit.<\/strong><\/p>\n<p>Es compleix un any des de l \u00b4inici de la pand\u00e8mia i els\u00a0<strong>residents<\/strong>\u00a0i\u00a0<strong>cuidadors<\/strong>\u00a0de\u00a0<strong>la Torreta<\/strong>\u00a0ja han rebut les dues dosis de la vacuna contra la COVID-19. Una injecci\u00f3 de tranquil.litat als nostres centres de\u00a0<strong>Barcelona Eixample el Prat<\/strong>,\u00a0<strong>Corbera<\/strong>,\u00a0<strong>Piera<\/strong>\u00a0i\u00a0<strong>Font d\u00b4en Fargues a Horta-Guinard\u00f3<\/strong>. La Torreta, assegurant el benestar de la nostre gent gran.<\/p>\n","protected":false},"excerpt":{"rendered":"<p>Resid\u00e8ncies La Torreta, un espai segur i protegit. Es compleix un any des de l \u00b4inici de la pand\u00e8mia i els\u00a0residents\u00a0i\u00a0cuidadors\u00a0de\u00a0la Torreta\u00a0ja han rebut les dues dosis de la vacuna contra la COVID-19. Una injecci\u00f3 de tranquil.litat als nostres centres de\u00a0Barcelona Eixample el Prat,\u00a0Corbera,\u00a0Piera\u00a0i\u00a0Font d\u00b4en&#8230;<\/p>\n","protected":false},"author":5,"featured_media":2617,"comment_status":"closed","ping_status":"open","sticky":false,"template":"","format":"standard","meta":{"footnotes":""},"categories":[9],"tags":[],"yst_prominent_words":[],"class_list":["post-2816","post","type-post","status-publish","format-standard","has-post-thumbnail","hentry","category-blog"],"_links":{"self":[{"href":"https:\/\/residenciaslatorreta.com\/ca\/wp-json\/wp\/v2\/posts\/2816","targetHints":{"allow":["GET"]}}],"collection":[{"href":"https:\/\/residenciaslatorreta.com\/ca\/wp-json\/wp\/v2\/posts"}],"about":[{"href":"https:\/\/residenciaslatorreta.com\/ca\/wp-json\/wp\/v2\/types\/post"}],"author":[{"embeddable":true,"href":"https:\/\/residenciaslatorreta.com\/ca\/wp-json\/wp\/v2\/users\/5"}],"replies":[{"embeddable":true,"href":"https:\/\/residenciaslatorreta.com\/ca\/wp-json\/wp\/v2\/comments?post=2816"}],"version-history":[{"count":1,"href":"https:\/\/residenciaslatorreta.com\/ca\/wp-json\/wp\/v2\/posts\/2816\/revisions"}],"predecessor-version":[{"id":2817,"href":"https:\/\/residenciaslatorreta.com\/ca\/wp-json\/wp\/v2\/posts\/2816\/revisions\/2817"}],"wp:featuredmedia":[{"embeddable":true,"href":"https:\/\/residenciaslatorreta.com\/ca\/wp-json\/wp\/v2\/media\/2617"}],"wp:attachment":[{"href":"https:\/\/residenciaslatorreta.com\/ca\/wp-json\/wp\/v2\/media?parent=2816"}],"wp:term":[{"taxonomy":"category","embeddable":true,"href":"https:\/\/residenciaslatorreta.com\/ca\/wp-json\/wp\/v2\/categories?post=2816"},{"taxonomy":"post_tag","embeddable":true,"href":"https:\/\/residenciaslatorreta.com\/ca\/wp-json\/wp\/v2\/tags?post=2816"},{"taxonomy":"yst_prominent_words","embeddable":true,"href":"https:\/\/residenciaslatorreta.com\/ca\/wp-json\/wp\/v2\/yst_prominent_words?post=2816"}],"curies":[{"name":"wp","href":"https:\/\/api.w.org\/{rel}","templated":true}]}}