{"id":2814,"date":"2021-02-23T20:00:41","date_gmt":"2021-02-23T20:00:41","guid":{"rendered":"https:\/\/residenciaslatorreta.com\/problema-enquistado-freno-las-pensiones\/"},"modified":"2022-03-02T15:46:18","modified_gmt":"2022-03-02T15:46:18","slug":"problema-enquistado-freno-las-pensiones","status":"publish","type":"post","link":"https:\/\/residenciaslatorreta.com\/ca\/problema-enquistado-freno-las-pensiones\/","title":{"rendered":"Cal\u00e7otada a la Resid\u00e8ncia La Torreta de Corbera"},"content":{"rendered":"<p><strong>Una activitat gastron\u00f2mica on els nostres residents han participat en un espai de conviv\u00e8ncia.<\/strong><\/p>\n<p>\u00c9s temps de cal\u00e7ots, un dels productes t\u00edpics locals, i ho hem volgut celebrar amb una cal\u00e7otada a la terrassa exterior del centre, dins del\u00a0<strong>programa d\u00b4activitats<\/strong>\u00a0de les nostres jornades gastron\u00f2miques regionals. El bon temps ha perm\u00e8s gaudir del sol mentre es feien els preparatius i compartir un espai actiu d\u00b4oci entre els\u00a0<strong>residents<\/strong>.<\/p>\n<p>&nbsp;<\/p>\n<p>&nbsp;<\/p>\n<p>&nbsp;<\/p>\n","protected":false},"excerpt":{"rendered":"<p>Una activitat gastron\u00f2mica on els nostres residents han participat en un espai de conviv\u00e8ncia. \u00c9s temps de cal\u00e7ots, un dels productes t\u00edpics locals, i ho hem volgut celebrar amb una cal\u00e7otada a la terrassa exterior del centre, dins del\u00a0programa d\u00b4activitats\u00a0de les nostres jornades gastron\u00f2miques regionals&#8230;.<\/p>\n","protected":false},"author":5,"featured_media":2618,"comment_status":"closed","ping_status":"open","sticky":false,"template":"","format":"standard","meta":{"footnotes":""},"categories":[9],"tags":[],"yst_prominent_words":[],"class_list":["post-2814","post","type-post","status-publish","format-standard","has-post-thumbnail","hentry","category-blog"],"_links":{"self":[{"href":"https:\/\/residenciaslatorreta.com\/ca\/wp-json\/wp\/v2\/posts\/2814","targetHints":{"allow":["GET"]}}],"collection":[{"href":"https:\/\/residenciaslatorreta.com\/ca\/wp-json\/wp\/v2\/posts"}],"about":[{"href":"https:\/\/residenciaslatorreta.com\/ca\/wp-json\/wp\/v2\/types\/post"}],"author":[{"embeddable":true,"href":"https:\/\/residenciaslatorreta.com\/ca\/wp-json\/wp\/v2\/users\/5"}],"replies":[{"embeddable":true,"href":"https:\/\/residenciaslatorreta.com\/ca\/wp-json\/wp\/v2\/comments?post=2814"}],"version-history":[{"count":2,"href":"https:\/\/residenciaslatorreta.com\/ca\/wp-json\/wp\/v2\/posts\/2814\/revisions"}],"predecessor-version":[{"id":2819,"href":"https:\/\/residenciaslatorreta.com\/ca\/wp-json\/wp\/v2\/posts\/2814\/revisions\/2819"}],"wp:featuredmedia":[{"embeddable":true,"href":"https:\/\/residenciaslatorreta.com\/ca\/wp-json\/wp\/v2\/media\/2618"}],"wp:attachment":[{"href":"https:\/\/residenciaslatorreta.com\/ca\/wp-json\/wp\/v2\/media?parent=2814"}],"wp:term":[{"taxonomy":"category","embeddable":true,"href":"https:\/\/residenciaslatorreta.com\/ca\/wp-json\/wp\/v2\/categories?post=2814"},{"taxonomy":"post_tag","embeddable":true,"href":"https:\/\/residenciaslatorreta.com\/ca\/wp-json\/wp\/v2\/tags?post=2814"},{"taxonomy":"yst_prominent_words","embeddable":true,"href":"https:\/\/residenciaslatorreta.com\/ca\/wp-json\/wp\/v2\/yst_prominent_words?post=2814"}],"curies":[{"name":"wp","href":"https:\/\/api.w.org\/{rel}","templated":true}]}}